{"id":5522,"date":"2018-05-08T07:45:36","date_gmt":"2018-05-08T06:45:36","guid":{"rendered":"http:\/\/www.bvvizela.pt\/site\/?p=5522"},"modified":"2018-05-08T07:46:39","modified_gmt":"2018-05-08T06:46:39","slug":"mensagem-de-aniversario","status":"publish","type":"post","link":"https:\/\/www.bvvizela.pt\/site\/mensagem-de-aniversario\/","title":{"rendered":"MENSAGEM DE ANIVERS\u00c1RIO"},"content":{"rendered":"<p><span style=\"color: #000000; font-family: Times New Roman;\">Estimada Associa\u00e7\u00e3o, Caros Bombeiros,<\/span><\/p>\n<p><span style=\"color: #000000; font-family: Times New Roman;\">Neste dia, comemoramos mais um anivers\u00e1rio. Mais um, nesta j\u00e1 vasta e enriquecedora vida: Uma vida com muitas hist\u00f3rias, uma Hist\u00f3ria com muitas vidas!<\/span><\/p>\n<p><span style=\"color: #000000; font-family: Times New Roman;\">\u00c0queles que dedicam a vida, com dedica\u00e7\u00e3o e altru\u00edsmo, a servir a nobre causa da Associa\u00e7\u00e3o, quero-lhes agradecer e desejar as maiores felicita\u00e7\u00f5es neste dia de anivers\u00e1rio da nossa querida Associa\u00e7\u00e3o. E que tenhamos a for\u00e7a e a vontade de levar mais longe o seu bom nome, elevando a honra que a mesma tem e merece.<\/span><\/p>\n<p><span style=\"color: #000000; font-family: Times New Roman;\">Feliz Anivers\u00e1rio e Vida \u00e0 R.A.H.B.V.V.<\/span><\/p>\n<p><span style=\"color: #000000; font-family: Times New Roman;\">\u00a0<\/span><\/p>\n<p><span style=\"color: #000000; font-family: Times New Roman;\">Jos\u00e9 M Pires<\/span><\/p>\n<p><span style=\"color: #000000; font-family: Times New Roman;\">Presidente da Dire\u00e7\u00e3o<\/span><\/p>\n<p><a href=\"http:\/\/www.bvvizela.pt\/site\/wp-content\/uploads\/logo-141-e1523056163224.jpg\"><img loading=\"lazy\" decoding=\"async\" class=\"aligncenter wp-image-5359\" src=\"http:\/\/www.bvvizela.pt\/site\/wp-content\/uploads\/logo-141-300x204.jpg\" alt=\"\" width=\"426\" height=\"290\" \/><\/a><\/p>\n","protected":false},"excerpt":{"rendered":"<p>Estimada Associa\u00e7\u00e3o, Caros Bombeiros, Neste dia, comemoramos mais um anivers\u00e1rio. Mais um, nesta j\u00e1 vasta e enriquecedora vida: Uma vida com muitas hist\u00f3rias, uma Hist\u00f3ria com muitas vidas! \u00c0queles que dedicam a vida, com dedica\u00e7\u00e3o e altru\u00edsmo, a servir a<\/p>\n","protected":false},"author":5,"featured_media":0,"comment_status":"open","ping_status":"closed","sticky":false,"template":"","format":"standard","meta":{"ngg_post_thumbnail":0,"footnotes":""},"categories":[1],"tags":[],"class_list":["post-5522","post","type-post","status-publish","format-standard","hentry","category-noticias"],"_links":{"self":[{"href":"https:\/\/www.bvvizela.pt\/site\/wp-json\/wp\/v2\/posts\/5522","targetHints":{"allow":["GET"]}}],"collection":[{"href":"https:\/\/www.bvvizela.pt\/site\/wp-json\/wp\/v2\/posts"}],"about":[{"href":"https:\/\/www.bvvizela.pt\/site\/wp-json\/wp\/v2\/types\/post"}],"author":[{"embeddable":true,"href":"https:\/\/www.bvvizela.pt\/site\/wp-json\/wp\/v2\/users\/5"}],"replies":[{"embeddable":true,"href":"https:\/\/www.bvvizela.pt\/site\/wp-json\/wp\/v2\/comments?post=5522"}],"version-history":[{"count":2,"href":"https:\/\/www.bvvizela.pt\/site\/wp-json\/wp\/v2\/posts\/5522\/revisions"}],"predecessor-version":[{"id":5524,"href":"https:\/\/www.bvvizela.pt\/site\/wp-json\/wp\/v2\/posts\/5522\/revisions\/5524"}],"wp:attachment":[{"href":"https:\/\/www.bvvizela.pt\/site\/wp-json\/wp\/v2\/media?parent=5522"}],"wp:term":[{"taxonomy":"category","embeddable":true,"href":"https:\/\/www.bvvizela.pt\/site\/wp-json\/wp\/v2\/categories?post=5522"},{"taxonomy":"post_tag","embeddable":true,"href":"https:\/\/www.bvvizela.pt\/site\/wp-json\/wp\/v2\/tags?post=5522"}],"curies":[{"name":"wp","href":"https:\/\/api.w.org\/{rel}","templated":true}]}}