{"id":5113,"date":"2018-03-23T17:43:49","date_gmt":"2018-03-23T17:43:49","guid":{"rendered":"http:\/\/www.bvvizela.pt\/site\/?p=5113"},"modified":"2018-03-23T18:58:58","modified_gmt":"2018-03-23T18:58:58","slug":"assembleia-geral-ordinaria-3","status":"publish","type":"post","link":"https:\/\/www.bvvizela.pt\/site\/assembleia-geral-ordinaria-3\/","title":{"rendered":"Assembleia Geral Ordin\u00e1ria"},"content":{"rendered":"<p style=\"text-align: left;\">Hoje, 23 de Mar\u00e7o de 2018 realiza-se a Assembleia Geral Ordin\u00e1ria, da Real Associa\u00e7\u00e3o Humanit\u00e1ria de Bombeiros Volunt\u00e1rios de Vizela.<\/p>\n<p style=\"text-align: left;\">1 &#8211; Leitura, discuss\u00e3o e vota\u00e7\u00e3o da ata da Assembleia anterior<\/p>\n<p style=\"text-align: left;\">2 &#8211; Analise, discuss\u00e3o e vota\u00e7\u00e3o do Relat\u00f3rio de Contas e Parecer do Concelho Fiscal relativos ao de 2017<\/p>\n<p style=\"text-align: left;\">3 &#8211; 30 minutos para assuntos de interesse da Associa\u00e7\u00e3o.<\/p>\n<p style=\"text-align: center;\">Para o qual juntamos o Livro<\/p>\n<p><a href=\"http:\/\/www.bvvizela.pt\/site\/wp-content\/uploads\/Livro-AGO-23mar2018.pdf\">Livro &#8211; AGO &#8211; 23mar2018<\/a><\/p>\n","protected":false},"excerpt":{"rendered":"<p>Hoje, 23 de Mar\u00e7o de 2018 realiza-se a Assembleia Geral Ordin\u00e1ria, da Real Associa\u00e7\u00e3o Humanit\u00e1ria de Bombeiros Volunt\u00e1rios de Vizela. 1 &#8211; Leitura, discuss\u00e3o e vota\u00e7\u00e3o da ata da Assembleia anterior 2 &#8211; Analise, discuss\u00e3o e vota\u00e7\u00e3o do Relat\u00f3rio de<\/p>\n","protected":false},"author":5,"featured_media":0,"comment_status":"open","ping_status":"closed","sticky":false,"template":"","format":"link","meta":{"ngg_post_thumbnail":0,"footnotes":""},"categories":[1],"tags":[],"class_list":["post-5113","post","type-post","status-publish","format-link","hentry","category-noticias","post_format-post-format-link"],"_links":{"self":[{"href":"https:\/\/www.bvvizela.pt\/site\/wp-json\/wp\/v2\/posts\/5113","targetHints":{"allow":["GET"]}}],"collection":[{"href":"https:\/\/www.bvvizela.pt\/site\/wp-json\/wp\/v2\/posts"}],"about":[{"href":"https:\/\/www.bvvizela.pt\/site\/wp-json\/wp\/v2\/types\/post"}],"author":[{"embeddable":true,"href":"https:\/\/www.bvvizela.pt\/site\/wp-json\/wp\/v2\/users\/5"}],"replies":[{"embeddable":true,"href":"https:\/\/www.bvvizela.pt\/site\/wp-json\/wp\/v2\/comments?post=5113"}],"version-history":[{"count":7,"href":"https:\/\/www.bvvizela.pt\/site\/wp-json\/wp\/v2\/posts\/5113\/revisions"}],"predecessor-version":[{"id":5122,"href":"https:\/\/www.bvvizela.pt\/site\/wp-json\/wp\/v2\/posts\/5113\/revisions\/5122"}],"wp:attachment":[{"href":"https:\/\/www.bvvizela.pt\/site\/wp-json\/wp\/v2\/media?parent=5113"}],"wp:term":[{"taxonomy":"category","embeddable":true,"href":"https:\/\/www.bvvizela.pt\/site\/wp-json\/wp\/v2\/categories?post=5113"},{"taxonomy":"post_tag","embeddable":true,"href":"https:\/\/www.bvvizela.pt\/site\/wp-json\/wp\/v2\/tags?post=5113"}],"curies":[{"name":"wp","href":"https:\/\/api.w.org\/{rel}","templated":true}]}}