{"id":4510,"date":"2017-11-03T10:36:18","date_gmt":"2017-11-03T10:36:18","guid":{"rendered":"http:\/\/www.bvvizela.pt\/site\/?p=4510"},"modified":"2018-03-13T23:31:55","modified_gmt":"2018-03-13T23:31:55","slug":"43o-congresso-da-liga-dos-bombeiros-portugueses","status":"publish","type":"post","link":"https:\/\/www.bvvizela.pt\/site\/43o-congresso-da-liga-dos-bombeiros-portugueses\/","title":{"rendered":"43\u00ba Congresso da Liga dos Bombeiros Portugueses"},"content":{"rendered":"<p>Decorreu no passado fim-de-semana 27, 28 e 29 de outubro o 43\u00ba Congresso Nacional de Bombeiros, cabendo ao distrito de Braga a organiza\u00e7\u00e3o, e o palco escolhido foi a cidade de Fafe sendo os bombeiros e o munic\u00edpio os grandes obreiros de tal feito, a que todos os corpos de bombeiros do distrito se associaram.<!--more--><br \/>\nEste congresso foi certamente o mais marcante de sempre, pela realidade que vivemos nos dias de hoje, a calamidade vivida este ano, com o flagelo dos inc\u00eandios florestais, que causou mais de 100 v\u00edtimas mortais e mais de 250 feridos, para al\u00e9m da perda de animais, bens, postos de trabalho e floresta destru\u00edda.<br \/>\nNeste congresso foram chamados os comandantes e presidentes das dire\u00e7\u00f5es das associa\u00e7\u00f5es a exercer o seu direito ao voto, as listas a sufr\u00e1gio foram duas, sendo a lista (A) liderada pelo comandante do quadro de honra Jos\u00e9 Barreira Abrantes e a lista (B) encabe\u00e7ada pelo candidato e atual presidente, o comandante Jaime Marta Soares. Percebeu-se desde cedo pelas interven\u00e7\u00f5es dos congressistas que Jaime Marta Soares sairia vencedor, com 77,5% dos votos continuando como presidente da liga dos bombeiros portugueses.<br \/>\nEste, com o seu executivo tem agora a \u00e1rdua tarefa, de levar os projetos e anseios dos bombeiros de Portugal avante, e nem perdeu tempo, perante o novo Secret\u00e1rio de Estado para a Prote\u00e7\u00e3o Civil Jos\u00e9 Artur Neves, o Ministro da Administra\u00e7\u00e3o Interna Eduardo Cabrita e o Primeiro-Ministro Ant\u00f3nio Costa, o reeleito presidente da LBP mostrou a indigna\u00e7\u00e3o que vai na alma dos Bombeiros, em lhes quererem apontado o dedo, de uma culpa em que n\u00e3o nos revemos.<br \/>\nFoi mais longe quando questionou, como \u00e9 poss\u00edvel fazer uma reforma da Prote\u00e7\u00e3o Civil em Portugal sem ouvir os Bombeiros&#8221;, foi aplaudido por centenas de representantes dos Bombeiros. N\u00e3o nos podemos esquecer que os Bombeiros Volunt\u00e1rios s\u00e3o o maior, mais ativo e interventivo, agente de Prote\u00e7\u00e3o Civil.<br \/>\nAo aplausos foram muitos e por diversas vezes, quando se exige, o comando \u00fanico, a cria\u00e7\u00e3o de uma Dire\u00e7\u00e3o Nacional de Bombeiros \u201caut\u00f3noma, independente e com or\u00e7amento pr\u00f3prio\u201d, por interm\u00e9dio da altera\u00e7\u00e3o da lei org\u00e2nica da Autoridade Nacional de Prote\u00e7\u00e3o Civil (ANPC), o reconhecimento do grau de instituto superior \u00e0 Escola Nacional de Bombeiros, a cria\u00e7\u00e3o do cart\u00e3o social do bombeiro, entre outas propostas em que os bombeiros desde longa data t\u00eam vindo a reivindicar, e sempre sem respostas, por isso deixou o aviso ao poder central &#8220;os soldados da paz&#8221; n\u00e3o ter\u00e3o medo de &#8220;fazer guerra&#8221; a quem puser em causa a &#8220;paz&#8221; e a &#8220;forma de estar na vida&#8221; dos Bombeiros, estes, representados pela Liga dos Bombeiros de Portugueses.<br \/>\nDe uma coisa todos temos consci\u00eancia, \u201cnada ser\u00e1 como antes\u201d\u2026<br \/>\nNeste congresso os Bombeiros Volunt\u00e1rios de Vizela, fizeram-se representar pelo presidente da dire\u00e7\u00e3o Eng. Jos\u00e9 Pires, pelo Comandante Paulo F\u00e9lix e pelo comandante do quadro de honra Am\u00e9rico Oswaldo.<br \/>\nNas formaturas marcamos presen\u00e7a com cinco Bombeiros e um Subchefe na rec\u00e7\u00e3o ao Ministro da Administra\u00e7\u00e3o Interna Eduardo Cabrita, que teve as honras da abertura do congresso no dia 27.<br \/>\nDoze Bombeiros na rece\u00e7\u00e3o ao Primeiro-ministro Ant\u00f3nio Costa<br \/>\nTrinta e tr\u00eas Bombeiros um Subchefe e o Comandante e duas viaturas integraram o desfile apeado e motorizado no dia 29.<br \/>\nExpusemos duas das nossas viaturas de museu.<\/p>\n","protected":false},"excerpt":{"rendered":"<p>Decorreu no passado fim-de-semana 27, 28 e 29 de outubro o 43\u00ba Congresso Nacional de Bombeiros, cabendo ao distrito de Braga a organiza\u00e7\u00e3o, e o palco escolhido foi a cidade de Fafe sendo os bombeiros e o munic\u00edpio os grandes<\/p>\n","protected":false},"author":2,"featured_media":0,"comment_status":"open","ping_status":"closed","sticky":false,"template":"","format":"standard","meta":{"ngg_post_thumbnail":0,"footnotes":""},"categories":[1],"tags":[],"class_list":["post-4510","post","type-post","status-publish","format-standard","hentry","category-noticias"],"_links":{"self":[{"href":"https:\/\/www.bvvizela.pt\/site\/wp-json\/wp\/v2\/posts\/4510","targetHints":{"allow":["GET"]}}],"collection":[{"href":"https:\/\/www.bvvizela.pt\/site\/wp-json\/wp\/v2\/posts"}],"about":[{"href":"https:\/\/www.bvvizela.pt\/site\/wp-json\/wp\/v2\/types\/post"}],"author":[{"embeddable":true,"href":"https:\/\/www.bvvizela.pt\/site\/wp-json\/wp\/v2\/users\/2"}],"replies":[{"embeddable":true,"href":"https:\/\/www.bvvizela.pt\/site\/wp-json\/wp\/v2\/comments?post=4510"}],"version-history":[{"count":8,"href":"https:\/\/www.bvvizela.pt\/site\/wp-json\/wp\/v2\/posts\/4510\/revisions"}],"predecessor-version":[{"id":4747,"href":"https:\/\/www.bvvizela.pt\/site\/wp-json\/wp\/v2\/posts\/4510\/revisions\/4747"}],"wp:attachment":[{"href":"https:\/\/www.bvvizela.pt\/site\/wp-json\/wp\/v2\/media?parent=4510"}],"wp:term":[{"taxonomy":"category","embeddable":true,"href":"https:\/\/www.bvvizela.pt\/site\/wp-json\/wp\/v2\/categories?post=4510"},{"taxonomy":"post_tag","embeddable":true,"href":"https:\/\/www.bvvizela.pt\/site\/wp-json\/wp\/v2\/tags?post=4510"}],"curies":[{"name":"wp","href":"https:\/\/api.w.org\/{rel}","templated":true}]}}