{"id":4492,"date":"2017-10-03T12:08:59","date_gmt":"2017-10-03T11:08:59","guid":{"rendered":"http:\/\/www.bvvizela.pt\/site\/?p=4492"},"modified":"2018-03-13T16:46:57","modified_gmt":"2018-03-13T16:46:57","slug":"faleceu-abilio-ferreira-da-silva","status":"publish","type":"post","link":"https:\/\/www.bvvizela.pt\/site\/faleceu-abilio-ferreira-da-silva\/","title":{"rendered":"Faleceu Ab\u00edlio Ferreira da Silva"},"content":{"rendered":"<p>Ab\u00edlio Ferreira da Silva nascido a 23 de fevereiro de 1938, faleceu no dia 2 de outubro com 79 anos no Hospital de Braga ap\u00f3s uma queda em Santo Tirso, onde ficou em estado cr\u00edtico.<!--more--><br \/>\nEntrou para a Real Associa\u00e7\u00e3o Humanit\u00e1ria de Bombeiros Volunt\u00e1rios de Vizela a 05 de fevereiro de 1973, onde durante os 35 anos e 3 meses pertenceu ao quadro activo, passando para o quadro de Honra da Associa\u00e7\u00e3o a 11 de maio de 2008. Av\u00f4 do Bombeiro de 1\u00aa H\u00e9lder Silva.<br \/>\n\u00c1 fam\u00edlia enlutada, de todos os Corpos Sociais, Comando e Corpo Activo, os nossos sentidos p\u00easames.<br \/>\n<a href=\"http:\/\/www.bvvizela.pt\/site\/wp-content\/uploads\/554_abilio.png\"><img loading=\"lazy\" decoding=\"async\" class=\"aligncenter size-full wp-image-4493\" src=\"http:\/\/www.bvvizela.pt\/site\/wp-content\/uploads\/554_abilio.png\" alt=\"\" width=\"146\" height=\"205\"\/><\/a><\/p>\n","protected":false},"excerpt":{"rendered":"<p>Ab\u00edlio Ferreira da Silva nascido a 23 de fevereiro de 1938, faleceu no dia 2 de outubro com 79 anos no Hospital de Braga ap\u00f3s uma queda em Santo Tirso, onde ficou em estado cr\u00edtico.<\/p>\n","protected":false},"author":2,"featured_media":0,"comment_status":"open","ping_status":"closed","sticky":false,"template":"","format":"standard","meta":{"ngg_post_thumbnail":0,"footnotes":""},"categories":[1],"tags":[],"class_list":["post-4492","post","type-post","status-publish","format-standard","hentry","category-noticias"],"_links":{"self":[{"href":"https:\/\/www.bvvizela.pt\/site\/wp-json\/wp\/v2\/posts\/4492","targetHints":{"allow":["GET"]}}],"collection":[{"href":"https:\/\/www.bvvizela.pt\/site\/wp-json\/wp\/v2\/posts"}],"about":[{"href":"https:\/\/www.bvvizela.pt\/site\/wp-json\/wp\/v2\/types\/post"}],"author":[{"embeddable":true,"href":"https:\/\/www.bvvizela.pt\/site\/wp-json\/wp\/v2\/users\/2"}],"replies":[{"embeddable":true,"href":"https:\/\/www.bvvizela.pt\/site\/wp-json\/wp\/v2\/comments?post=4492"}],"version-history":[{"count":5,"href":"https:\/\/www.bvvizela.pt\/site\/wp-json\/wp\/v2\/posts\/4492\/revisions"}],"predecessor-version":[{"id":4698,"href":"https:\/\/www.bvvizela.pt\/site\/wp-json\/wp\/v2\/posts\/4492\/revisions\/4698"}],"wp:attachment":[{"href":"https:\/\/www.bvvizela.pt\/site\/wp-json\/wp\/v2\/media?parent=4492"}],"wp:term":[{"taxonomy":"category","embeddable":true,"href":"https:\/\/www.bvvizela.pt\/site\/wp-json\/wp\/v2\/categories?post=4492"},{"taxonomy":"post_tag","embeddable":true,"href":"https:\/\/www.bvvizela.pt\/site\/wp-json\/wp\/v2\/tags?post=4492"}],"curies":[{"name":"wp","href":"https:\/\/api.w.org\/{rel}","templated":true}]}}