{"id":4489,"date":"2017-09-28T15:01:47","date_gmt":"2017-09-28T14:01:47","guid":{"rendered":"http:\/\/www.bvvizela.pt\/site\/?p=4489"},"modified":"2017-09-28T15:01:47","modified_gmt":"2017-09-28T14:01:47","slug":"o-1o-veiculo-motorizado-dos-bombeiros-voluntarios-de-vizela","status":"publish","type":"post","link":"https:\/\/www.bvvizela.pt\/site\/o-1o-veiculo-motorizado-dos-bombeiros-voluntarios-de-vizela\/","title":{"rendered":"O 1\u00ba Ve\u00edculo motorizado dos Bombeiros Volunt\u00e1rios de Vizela"},"content":{"rendered":"<p>Existem refer\u00eancias para a exist\u00eancia de v\u00e1rios ve\u00edculos autom\u00f3veis ao servi\u00e7o da corpora\u00e7\u00e3o desde os anos 20. Pesquisando o livro \u201c Hist\u00f3ria dos Bombeiros Volunt\u00e1rios de Vizela \u2013 da Regenera\u00e7\u00e3o ao termo da I Rep\u00fablica\u201d, verifica-se que no ano de 1926 existiam registos de 4 ve\u00edculos ao servi\u00e7o desta corpora\u00e7\u00e3o.<br \/>\nVe\u00edculos n\u00e3o motorizados, (\u00fanico exemplar em exposi\u00e7\u00e3o no museu dos Bombeiros de Vizela) que incorporavam diversos materiais de combate a inc\u00eandio utilizados na \u00e9poca.<\/p>\n<p>No ano de 1937, a Dire\u00e7\u00e3o da Real Associa\u00e7\u00e3o Humanit\u00e1ria de Bombeiros Volunt\u00e1rios de Vizela decide comprar um autom\u00f3vel, sendo o primeiro ve\u00edculo motorizado adquirido por esta associa\u00e7\u00e3o.<br \/>\nEsse autom\u00f3vel de marca Hudson, de 40 CV (S-3676) que se encontrava \u00e0 venda em Espinho, que posteriormente seria adaptado e receberia uma bomba bra\u00e7al (combate a inc\u00eandios). <\/p>\n<p><a href=\"http:\/\/www.bvvizela.pt\/site\/wp-content\/uploads\/hudsun.png\"><img loading=\"lazy\" decoding=\"async\" src=\"http:\/\/www.bvvizela.pt\/site\/wp-content\/uploads\/hudsun-300x207.png\" alt=\"\" width=\"300\" height=\"207\" class=\"aligncenter size-medium wp-image-4490\" srcset=\"https:\/\/www.bvvizela.pt\/site\/wp-content\/uploads\/hudsun-300x207.png 300w, https:\/\/www.bvvizela.pt\/site\/wp-content\/uploads\/hudsun.png 695w\" sizes=\"auto, (max-width: 300px) 100vw, 300px\" \/><\/a><\/p>\n","protected":false},"excerpt":{"rendered":"<p>Existem refer\u00eancias para a exist\u00eancia de v\u00e1rios ve\u00edculos autom\u00f3veis ao servi\u00e7o da corpora\u00e7\u00e3o desde os anos 20. Pesquisando o livro \u201c Hist\u00f3ria dos Bombeiros Volunt\u00e1rios de Vizela \u2013 da Regenera\u00e7\u00e3o ao termo da I Rep\u00fablica\u201d, verifica-se que no ano de<\/p>\n","protected":false},"author":2,"featured_media":0,"comment_status":"open","ping_status":"closed","sticky":false,"template":"","format":"standard","meta":{"ngg_post_thumbnail":0,"footnotes":""},"categories":[1],"tags":[],"class_list":["post-4489","post","type-post","status-publish","format-standard","hentry","category-noticias"],"_links":{"self":[{"href":"https:\/\/www.bvvizela.pt\/site\/wp-json\/wp\/v2\/posts\/4489","targetHints":{"allow":["GET"]}}],"collection":[{"href":"https:\/\/www.bvvizela.pt\/site\/wp-json\/wp\/v2\/posts"}],"about":[{"href":"https:\/\/www.bvvizela.pt\/site\/wp-json\/wp\/v2\/types\/post"}],"author":[{"embeddable":true,"href":"https:\/\/www.bvvizela.pt\/site\/wp-json\/wp\/v2\/users\/2"}],"replies":[{"embeddable":true,"href":"https:\/\/www.bvvizela.pt\/site\/wp-json\/wp\/v2\/comments?post=4489"}],"version-history":[{"count":1,"href":"https:\/\/www.bvvizela.pt\/site\/wp-json\/wp\/v2\/posts\/4489\/revisions"}],"predecessor-version":[{"id":4491,"href":"https:\/\/www.bvvizela.pt\/site\/wp-json\/wp\/v2\/posts\/4489\/revisions\/4491"}],"wp:attachment":[{"href":"https:\/\/www.bvvizela.pt\/site\/wp-json\/wp\/v2\/media?parent=4489"}],"wp:term":[{"taxonomy":"category","embeddable":true,"href":"https:\/\/www.bvvizela.pt\/site\/wp-json\/wp\/v2\/categories?post=4489"},{"taxonomy":"post_tag","embeddable":true,"href":"https:\/\/www.bvvizela.pt\/site\/wp-json\/wp\/v2\/tags?post=4489"}],"curies":[{"name":"wp","href":"https:\/\/api.w.org\/{rel}","templated":true}]}}