{"id":3764,"date":"2013-08-14T11:01:45","date_gmt":"2013-08-14T10:01:45","guid":{"rendered":"http:\/\/www.bvvizela.pt\/site\/?p=3764"},"modified":"2013-08-14T11:01:45","modified_gmt":"2013-08-14T10:01:45","slug":"incendios-florestais-3","status":"publish","type":"post","link":"https:\/\/www.bvvizela.pt\/site\/incendios-florestais-3\/","title":{"rendered":"Inc\u00eandios Florestais"},"content":{"rendered":"<p style=\"text-align: justify;\">Nos \u00faltimos dias t\u00eam-se registados v\u00e1rios inc\u00eandios florestais com alguma dimens\u00e3o.<\/p>\n<p style=\"text-align: justify;\">Nesta altura em que atravessamos um per\u00edodo muito quente, a Corpora\u00e7\u00e3o de Vizela \u00e0 semelhan\u00e7a das corpora\u00e7\u00f5es congeneres do distrito de Braga, t\u00eam travado uma luta di\u00e1ria contra este flagelo.<\/p>\n<p style=\"text-align: justify;\">Aconselha-se a toda a popula\u00e7\u00e3o vizinha de povoa\u00e7\u00e3o florestal um especial cuidado e a manuten\u00e7\u00e3o da limpeza em volta das casas para que se evite estragos maiores.<\/p>\n<p style=\"text-align: justify;\">A prote\u00e7\u00e3o civil come\u00e7a em cada um de n\u00f3s. Colabore com os seus Bombeiros.<\/p>\n<p style=\"text-align: justify;\">Em caso de inc\u00eandio ligue 117.<\/p>\n","protected":false},"excerpt":{"rendered":"<p>Nos \u00faltimos dias t\u00eam-se registados v\u00e1rios inc\u00eandios florestais com alguma dimens\u00e3o. Nesta altura em que atravessamos um per\u00edodo muito quente, a Corpora\u00e7\u00e3o de Vizela \u00e0 semelhan\u00e7a das corpora\u00e7\u00f5es congeneres do distrito de Braga, t\u00eam travado uma luta di\u00e1ria contra este<\/p>\n","protected":false},"author":6,"featured_media":0,"comment_status":"open","ping_status":"closed","sticky":false,"template":"","format":"standard","meta":{"ngg_post_thumbnail":0,"footnotes":""},"categories":[1],"tags":[],"class_list":["post-3764","post","type-post","status-publish","format-standard","hentry","category-noticias"],"_links":{"self":[{"href":"https:\/\/www.bvvizela.pt\/site\/wp-json\/wp\/v2\/posts\/3764","targetHints":{"allow":["GET"]}}],"collection":[{"href":"https:\/\/www.bvvizela.pt\/site\/wp-json\/wp\/v2\/posts"}],"about":[{"href":"https:\/\/www.bvvizela.pt\/site\/wp-json\/wp\/v2\/types\/post"}],"author":[{"embeddable":true,"href":"https:\/\/www.bvvizela.pt\/site\/wp-json\/wp\/v2\/users\/6"}],"replies":[{"embeddable":true,"href":"https:\/\/www.bvvizela.pt\/site\/wp-json\/wp\/v2\/comments?post=3764"}],"version-history":[{"count":1,"href":"https:\/\/www.bvvizela.pt\/site\/wp-json\/wp\/v2\/posts\/3764\/revisions"}],"predecessor-version":[{"id":3765,"href":"https:\/\/www.bvvizela.pt\/site\/wp-json\/wp\/v2\/posts\/3764\/revisions\/3765"}],"wp:attachment":[{"href":"https:\/\/www.bvvizela.pt\/site\/wp-json\/wp\/v2\/media?parent=3764"}],"wp:term":[{"taxonomy":"category","embeddable":true,"href":"https:\/\/www.bvvizela.pt\/site\/wp-json\/wp\/v2\/categories?post=3764"},{"taxonomy":"post_tag","embeddable":true,"href":"https:\/\/www.bvvizela.pt\/site\/wp-json\/wp\/v2\/tags?post=3764"}],"curies":[{"name":"wp","href":"https:\/\/api.w.org\/{rel}","templated":true}]}}