{"id":3755,"date":"2013-08-10T10:00:33","date_gmt":"2013-08-10T09:00:33","guid":{"rendered":"http:\/\/www.bvvizela.pt\/site\/?p=3755"},"modified":"2013-08-10T10:46:40","modified_gmt":"2013-08-10T09:46:40","slug":"incendio-no-restaurante-s-giao-em-atualizacao","status":"publish","type":"post","link":"https:\/\/www.bvvizela.pt\/site\/incendio-no-restaurante-s-giao-em-atualizacao\/","title":{"rendered":"Inc\u00eandio no restaurante S. Gi\u00e3o"},"content":{"rendered":"<p>Alerta \u00e0s 09:50 para um inc\u00eandio no Restaurante S. Gi\u00e3o, na Rua Comandador Joaquim Almeida Freitas, em Moreira de C\u00f3negos.<\/p>\n<p>Avan\u00e7ou para o local o VUCI-01 com 6 elementos que verificam um inc\u00eandio confinado na conduta de extra\u00e7\u00e3o de fumos j\u00e1 extinto. O inc\u00eandio n\u00e3o afetou a labora\u00e7\u00e3o do restaurante.<\/p>\n","protected":false},"excerpt":{"rendered":"<p>Alerta \u00e0s 09:50 para um inc\u00eandio no Restaurante S. Gi\u00e3o, na Rua Comandador Joaquim Almeida Freitas, em Moreira de C\u00f3negos. Avan\u00e7ou para o local o VUCI-01 com 6 elementos que verificam um inc\u00eandio confinado na conduta de extra\u00e7\u00e3o de fumos<\/p>\n","protected":false},"author":6,"featured_media":0,"comment_status":"open","ping_status":"closed","sticky":false,"template":"","format":"standard","meta":{"ngg_post_thumbnail":0,"footnotes":""},"categories":[1],"tags":[],"class_list":["post-3755","post","type-post","status-publish","format-standard","hentry","category-noticias"],"_links":{"self":[{"href":"https:\/\/www.bvvizela.pt\/site\/wp-json\/wp\/v2\/posts\/3755","targetHints":{"allow":["GET"]}}],"collection":[{"href":"https:\/\/www.bvvizela.pt\/site\/wp-json\/wp\/v2\/posts"}],"about":[{"href":"https:\/\/www.bvvizela.pt\/site\/wp-json\/wp\/v2\/types\/post"}],"author":[{"embeddable":true,"href":"https:\/\/www.bvvizela.pt\/site\/wp-json\/wp\/v2\/users\/6"}],"replies":[{"embeddable":true,"href":"https:\/\/www.bvvizela.pt\/site\/wp-json\/wp\/v2\/comments?post=3755"}],"version-history":[{"count":4,"href":"https:\/\/www.bvvizela.pt\/site\/wp-json\/wp\/v2\/posts\/3755\/revisions"}],"predecessor-version":[{"id":3758,"href":"https:\/\/www.bvvizela.pt\/site\/wp-json\/wp\/v2\/posts\/3755\/revisions\/3758"}],"wp:attachment":[{"href":"https:\/\/www.bvvizela.pt\/site\/wp-json\/wp\/v2\/media?parent=3755"}],"wp:term":[{"taxonomy":"category","embeddable":true,"href":"https:\/\/www.bvvizela.pt\/site\/wp-json\/wp\/v2\/categories?post=3755"},{"taxonomy":"post_tag","embeddable":true,"href":"https:\/\/www.bvvizela.pt\/site\/wp-json\/wp\/v2\/tags?post=3755"}],"curies":[{"name":"wp","href":"https:\/\/api.w.org\/{rel}","templated":true}]}}