{"id":3749,"date":"2013-08-02T09:05:20","date_gmt":"2013-08-02T08:05:20","guid":{"rendered":"http:\/\/www.bvvizela.pt\/site\/?p=3749"},"modified":"2013-08-02T09:05:20","modified_gmt":"2013-08-02T08:05:20","slug":"vizela-na-grif-de-braga","status":"publish","type":"post","link":"https:\/\/www.bvvizela.pt\/site\/vizela-na-grif-de-braga\/","title":{"rendered":"Vizela na GRIF de Braga"},"content":{"rendered":"<p>Os Bombeiros de Vizela fazem parte da GRIF (Grupo de Refor\u00e7o de Inc\u00eandios Florestais) de Braga presente no inc\u00eandio do Concelho de Boticas.<\/p>\n<p>Desde dia 1 de agosto que um grupo de 5 elementos fazem parte do grupo de Braga com o VRCI-02, que foi ativado para o inc\u00eandio que lavrou durante o dia em Sapi\u00f5es, concelho de Boticas, distrito de Vila Real.<\/p>\n","protected":false},"excerpt":{"rendered":"<p>Os Bombeiros de Vizela fazem parte da GRIF (Grupo de Refor\u00e7o de Inc\u00eandios Florestais) de Braga presente no inc\u00eandio do Concelho de Boticas. Desde dia 1 de agosto que um grupo de 5 elementos fazem parte do grupo de Braga<\/p>\n","protected":false},"author":6,"featured_media":0,"comment_status":"open","ping_status":"closed","sticky":false,"template":"","format":"standard","meta":{"ngg_post_thumbnail":0,"footnotes":""},"categories":[1],"tags":[],"class_list":["post-3749","post","type-post","status-publish","format-standard","hentry","category-noticias"],"_links":{"self":[{"href":"https:\/\/www.bvvizela.pt\/site\/wp-json\/wp\/v2\/posts\/3749","targetHints":{"allow":["GET"]}}],"collection":[{"href":"https:\/\/www.bvvizela.pt\/site\/wp-json\/wp\/v2\/posts"}],"about":[{"href":"https:\/\/www.bvvizela.pt\/site\/wp-json\/wp\/v2\/types\/post"}],"author":[{"embeddable":true,"href":"https:\/\/www.bvvizela.pt\/site\/wp-json\/wp\/v2\/users\/6"}],"replies":[{"embeddable":true,"href":"https:\/\/www.bvvizela.pt\/site\/wp-json\/wp\/v2\/comments?post=3749"}],"version-history":[{"count":2,"href":"https:\/\/www.bvvizela.pt\/site\/wp-json\/wp\/v2\/posts\/3749\/revisions"}],"predecessor-version":[{"id":3751,"href":"https:\/\/www.bvvizela.pt\/site\/wp-json\/wp\/v2\/posts\/3749\/revisions\/3751"}],"wp:attachment":[{"href":"https:\/\/www.bvvizela.pt\/site\/wp-json\/wp\/v2\/media?parent=3749"}],"wp:term":[{"taxonomy":"category","embeddable":true,"href":"https:\/\/www.bvvizela.pt\/site\/wp-json\/wp\/v2\/categories?post=3749"},{"taxonomy":"post_tag","embeddable":true,"href":"https:\/\/www.bvvizela.pt\/site\/wp-json\/wp\/v2\/tags?post=3749"}],"curies":[{"name":"wp","href":"https:\/\/api.w.org\/{rel}","templated":true}]}}