{"id":3739,"date":"2013-07-19T15:08:28","date_gmt":"2013-07-19T14:08:28","guid":{"rendered":"http:\/\/www.bvvizela.pt\/site\/?p=3739"},"modified":"2013-07-19T15:10:53","modified_gmt":"2013-07-19T14:10:53","slug":"passeios-a-cavalo","status":"publish","type":"post","link":"https:\/\/www.bvvizela.pt\/site\/passeios-a-cavalo\/","title":{"rendered":"Passeios a cavalo"},"content":{"rendered":"<p style=\"text-align: justify;\">Ao andar a cavalo no Parque das Termas durante os meses de julho e agosto pode estar a ajudar os Bombeiros de Vizela.<\/p>\n<p style=\"text-align: justify;\">A ideia partiu do dono dos equ\u00eddeos, que \u00e9 bombeiro volunt\u00e1rio em Vizela, que disponibilizou-os para angariar fundos para varias institui\u00e7\u00f5es. Dentro delas est\u00e1 a Real Associa\u00e7\u00e3o Humanit\u00e1ria dos Bombeiros de Vizela que muito agradece ao bombeiro e a todas as pessoas que participam nesta iniciativa.<\/p>\n<p style=\"text-align: justify;\">Faltam ideias para passear, d\u00ea uma volta de cavalo e ajude-nos a ajud\u00e1-lo.<\/p>\n<p style=\"text-align: justify;\">Aqui fica o cartaz:<\/p>\n<p style=\"text-align: justify;\"><a href=\"http:\/\/www.bvvizela.pt\/site\/wp-content\/uploads\/Cartaz-Passeio-Cavalos-Familia-Peixoto.jpg\"><img loading=\"lazy\" decoding=\"async\" class=\"aligncenter size-medium wp-image-3740\" title=\"Cartaz Passeio Cavalos Familia Peixoto\" src=\"http:\/\/www.bvvizela.pt\/site\/wp-content\/uploads\/Cartaz-Passeio-Cavalos-Familia-Peixoto-213x300.jpg\" alt=\"\" width=\"213\" height=\"300\" \/><\/a><\/p>\n","protected":false},"excerpt":{"rendered":"<p>Ao andar a cavalo no Parque das Termas durante os meses de julho e agosto pode estar a ajudar os Bombeiros de Vizela. A ideia partiu do dono dos equ\u00eddeos, que \u00e9 bombeiro volunt\u00e1rio em Vizela, que disponibilizou-os para angariar<\/p>\n","protected":false},"author":6,"featured_media":0,"comment_status":"open","ping_status":"closed","sticky":false,"template":"","format":"standard","meta":{"ngg_post_thumbnail":0,"footnotes":""},"categories":[1],"tags":[],"class_list":["post-3739","post","type-post","status-publish","format-standard","hentry","category-noticias"],"_links":{"self":[{"href":"https:\/\/www.bvvizela.pt\/site\/wp-json\/wp\/v2\/posts\/3739","targetHints":{"allow":["GET"]}}],"collection":[{"href":"https:\/\/www.bvvizela.pt\/site\/wp-json\/wp\/v2\/posts"}],"about":[{"href":"https:\/\/www.bvvizela.pt\/site\/wp-json\/wp\/v2\/types\/post"}],"author":[{"embeddable":true,"href":"https:\/\/www.bvvizela.pt\/site\/wp-json\/wp\/v2\/users\/6"}],"replies":[{"embeddable":true,"href":"https:\/\/www.bvvizela.pt\/site\/wp-json\/wp\/v2\/comments?post=3739"}],"version-history":[{"count":4,"href":"https:\/\/www.bvvizela.pt\/site\/wp-json\/wp\/v2\/posts\/3739\/revisions"}],"predecessor-version":[{"id":3744,"href":"https:\/\/www.bvvizela.pt\/site\/wp-json\/wp\/v2\/posts\/3739\/revisions\/3744"}],"wp:attachment":[{"href":"https:\/\/www.bvvizela.pt\/site\/wp-json\/wp\/v2\/media?parent=3739"}],"wp:term":[{"taxonomy":"category","embeddable":true,"href":"https:\/\/www.bvvizela.pt\/site\/wp-json\/wp\/v2\/categories?post=3739"},{"taxonomy":"post_tag","embeddable":true,"href":"https:\/\/www.bvvizela.pt\/site\/wp-json\/wp\/v2\/tags?post=3739"}],"curies":[{"name":"wp","href":"https:\/\/api.w.org\/{rel}","templated":true}]}}