{"id":3736,"date":"2013-07-11T14:18:39","date_gmt":"2013-07-11T13:18:39","guid":{"rendered":"http:\/\/www.bvvizela.pt\/site\/?p=3736"},"modified":"2013-07-11T14:18:39","modified_gmt":"2013-07-11T13:18:39","slug":"festas-de-s-bento-das-peras","status":"publish","type":"post","link":"https:\/\/www.bvvizela.pt\/site\/festas-de-s-bento-das-peras\/","title":{"rendered":"Festas de S. Bento das P\u00earas"},"content":{"rendered":"<p>Desde o dia 11 at\u00e9 ao dia 14 de julho, os Bombeiros de Vizela ir\u00e3o estar, sempre que poss\u00edvel, de preven\u00e7\u00e3o.<\/p>\n<p>Foi montada uma tenda no parque de estacionamento junto \u00e0 barraca dos gelados para apoio aos peregrinos juntamente com uma ambul\u00e2ncia para o caso de necessidade de transporte \u00e0 unidade hospitalar.<\/p>\n<p>Neste tempo de calor, aconselha-se o uso de protetor solar e o uso de utens\u00edlios que fa\u00e7am sombra, que antes e durante a subida bebam muitos l\u00edquidos e o fa\u00e7am em horas de menor calor.<\/p>\n","protected":false},"excerpt":{"rendered":"<p>Desde o dia 11 at\u00e9 ao dia 14 de julho, os Bombeiros de Vizela ir\u00e3o estar, sempre que poss\u00edvel, de preven\u00e7\u00e3o. Foi montada uma tenda no parque de estacionamento junto \u00e0 barraca dos gelados para apoio aos peregrinos juntamente com<\/p>\n","protected":false},"author":6,"featured_media":0,"comment_status":"open","ping_status":"closed","sticky":false,"template":"","format":"standard","meta":{"ngg_post_thumbnail":0,"footnotes":""},"categories":[1],"tags":[],"class_list":["post-3736","post","type-post","status-publish","format-standard","hentry","category-noticias"],"_links":{"self":[{"href":"https:\/\/www.bvvizela.pt\/site\/wp-json\/wp\/v2\/posts\/3736","targetHints":{"allow":["GET"]}}],"collection":[{"href":"https:\/\/www.bvvizela.pt\/site\/wp-json\/wp\/v2\/posts"}],"about":[{"href":"https:\/\/www.bvvizela.pt\/site\/wp-json\/wp\/v2\/types\/post"}],"author":[{"embeddable":true,"href":"https:\/\/www.bvvizela.pt\/site\/wp-json\/wp\/v2\/users\/6"}],"replies":[{"embeddable":true,"href":"https:\/\/www.bvvizela.pt\/site\/wp-json\/wp\/v2\/comments?post=3736"}],"version-history":[{"count":1,"href":"https:\/\/www.bvvizela.pt\/site\/wp-json\/wp\/v2\/posts\/3736\/revisions"}],"predecessor-version":[{"id":3737,"href":"https:\/\/www.bvvizela.pt\/site\/wp-json\/wp\/v2\/posts\/3736\/revisions\/3737"}],"wp:attachment":[{"href":"https:\/\/www.bvvizela.pt\/site\/wp-json\/wp\/v2\/media?parent=3736"}],"wp:term":[{"taxonomy":"category","embeddable":true,"href":"https:\/\/www.bvvizela.pt\/site\/wp-json\/wp\/v2\/categories?post=3736"},{"taxonomy":"post_tag","embeddable":true,"href":"https:\/\/www.bvvizela.pt\/site\/wp-json\/wp\/v2\/tags?post=3736"}],"curies":[{"name":"wp","href":"https:\/\/api.w.org\/{rel}","templated":true}]}}