{"id":3733,"date":"2013-07-05T20:38:00","date_gmt":"2013-07-05T19:38:00","guid":{"rendered":"http:\/\/www.bvvizela.pt\/site\/?p=3733"},"modified":"2013-07-05T20:38:18","modified_gmt":"2013-07-05T19:38:18","slug":"tempo-muito-quente","status":"publish","type":"post","link":"https:\/\/www.bvvizela.pt\/site\/tempo-muito-quente\/","title":{"rendered":"Tempo muito quente (ALERTA)"},"content":{"rendered":"<p>Est\u00e3o previstas temperaturas muito altas para os pr\u00f3ximos dias.<\/p>\n<p>Para o fim de semana de 6 e 7 de julho, o instituto portugu\u00eas do mar e da atmosfera prev\u00ea temperaturas que podem atingir 39\u00ba. Esta situa\u00e7\u00e3o coloca em alerta Laranja todo o distrito de Braga, pelo que \u00e9 muito favor\u00e1vel a ocorr\u00eancia de inc\u00eandios florestais e a mal estar entre a popula\u00e7\u00e3o em geral, mas sobretudo entre as crian\u00e7as e os idosos.<\/p>\n<p>Aconselha-se a precau\u00e7\u00f5es especiais durante este tempo.<\/p>\n","protected":false},"excerpt":{"rendered":"<p>Est\u00e3o previstas temperaturas muito altas para os pr\u00f3ximos dias. Para o fim de semana de 6 e 7 de julho, o instituto portugu\u00eas do mar e da atmosfera prev\u00ea temperaturas que podem atingir 39\u00ba. Esta situa\u00e7\u00e3o coloca em alerta Laranja<\/p>\n","protected":false},"author":6,"featured_media":0,"comment_status":"open","ping_status":"closed","sticky":false,"template":"","format":"standard","meta":{"ngg_post_thumbnail":0,"footnotes":""},"categories":[1],"tags":[],"class_list":["post-3733","post","type-post","status-publish","format-standard","hentry","category-noticias"],"_links":{"self":[{"href":"https:\/\/www.bvvizela.pt\/site\/wp-json\/wp\/v2\/posts\/3733","targetHints":{"allow":["GET"]}}],"collection":[{"href":"https:\/\/www.bvvizela.pt\/site\/wp-json\/wp\/v2\/posts"}],"about":[{"href":"https:\/\/www.bvvizela.pt\/site\/wp-json\/wp\/v2\/types\/post"}],"author":[{"embeddable":true,"href":"https:\/\/www.bvvizela.pt\/site\/wp-json\/wp\/v2\/users\/6"}],"replies":[{"embeddable":true,"href":"https:\/\/www.bvvizela.pt\/site\/wp-json\/wp\/v2\/comments?post=3733"}],"version-history":[{"count":2,"href":"https:\/\/www.bvvizela.pt\/site\/wp-json\/wp\/v2\/posts\/3733\/revisions"}],"predecessor-version":[{"id":3735,"href":"https:\/\/www.bvvizela.pt\/site\/wp-json\/wp\/v2\/posts\/3733\/revisions\/3735"}],"wp:attachment":[{"href":"https:\/\/www.bvvizela.pt\/site\/wp-json\/wp\/v2\/media?parent=3733"}],"wp:term":[{"taxonomy":"category","embeddable":true,"href":"https:\/\/www.bvvizela.pt\/site\/wp-json\/wp\/v2\/categories?post=3733"},{"taxonomy":"post_tag","embeddable":true,"href":"https:\/\/www.bvvizela.pt\/site\/wp-json\/wp\/v2\/tags?post=3733"}],"curies":[{"name":"wp","href":"https:\/\/api.w.org\/{rel}","templated":true}]}}