{"id":3724,"date":"2013-07-03T08:45:36","date_gmt":"2013-07-03T07:45:36","guid":{"rendered":"http:\/\/www.bvvizela.pt\/site\/?p=3724"},"modified":"2013-07-03T08:50:32","modified_gmt":"2013-07-03T07:50:32","slug":"alerta-laranja-5","status":"publish","type":"post","link":"https:\/\/www.bvvizela.pt\/site\/alerta-laranja-5\/","title":{"rendered":"Alerta Laranja"},"content":{"rendered":"<p>O Instituto Portugu\u00eas do Mar e da Atmosfera (IPMA) colocou em alerta laranja, durante os dias 4 e 5 de julho, o Distrito de Braga pela persist\u00eancia de temperaturas muito elevadas.<\/p>\n<p>Ainda em Alerta Amarelo no dia de hoje, 3 de julho, o IPMA aumenta apenas para Laranja o Distrito de Braga onde s\u00e3o esperadas temperaturas acima dos 37\u00ba Celsius.<\/p>\n<p>Aconselha-se a toda a popula\u00e7\u00e3o para se manterem frescas, evitando a exposi\u00e7\u00e3o solar, principalmente os idosos e as crian\u00e7as. A ingest\u00e3o de l\u00edquidos \u00e9 fundamental para se manter hidratada.<\/p>\n","protected":false},"excerpt":{"rendered":"<p>O Instituto Portugu\u00eas do Mar e da Atmosfera (IPMA) colocou em alerta laranja, durante os dias 4 e 5 de julho, o Distrito de Braga pela persist\u00eancia de temperaturas muito elevadas. Ainda em Alerta Amarelo no dia de hoje, 3<\/p>\n","protected":false},"author":6,"featured_media":0,"comment_status":"open","ping_status":"closed","sticky":false,"template":"","format":"standard","meta":{"ngg_post_thumbnail":0,"footnotes":""},"categories":[1],"tags":[],"class_list":["post-3724","post","type-post","status-publish","format-standard","hentry","category-noticias"],"_links":{"self":[{"href":"https:\/\/www.bvvizela.pt\/site\/wp-json\/wp\/v2\/posts\/3724","targetHints":{"allow":["GET"]}}],"collection":[{"href":"https:\/\/www.bvvizela.pt\/site\/wp-json\/wp\/v2\/posts"}],"about":[{"href":"https:\/\/www.bvvizela.pt\/site\/wp-json\/wp\/v2\/types\/post"}],"author":[{"embeddable":true,"href":"https:\/\/www.bvvizela.pt\/site\/wp-json\/wp\/v2\/users\/6"}],"replies":[{"embeddable":true,"href":"https:\/\/www.bvvizela.pt\/site\/wp-json\/wp\/v2\/comments?post=3724"}],"version-history":[{"count":3,"href":"https:\/\/www.bvvizela.pt\/site\/wp-json\/wp\/v2\/posts\/3724\/revisions"}],"predecessor-version":[{"id":3726,"href":"https:\/\/www.bvvizela.pt\/site\/wp-json\/wp\/v2\/posts\/3724\/revisions\/3726"}],"wp:attachment":[{"href":"https:\/\/www.bvvizela.pt\/site\/wp-json\/wp\/v2\/media?parent=3724"}],"wp:term":[{"taxonomy":"category","embeddable":true,"href":"https:\/\/www.bvvizela.pt\/site\/wp-json\/wp\/v2\/categories?post=3724"},{"taxonomy":"post_tag","embeddable":true,"href":"https:\/\/www.bvvizela.pt\/site\/wp-json\/wp\/v2\/tags?post=3724"}],"curies":[{"name":"wp","href":"https:\/\/api.w.org\/{rel}","templated":true}]}}