{"id":3720,"date":"2013-06-28T09:44:56","date_gmt":"2013-06-28T08:44:56","guid":{"rendered":"http:\/\/www.bvvizela.pt\/site\/?p=3720"},"modified":"2013-06-28T09:44:56","modified_gmt":"2013-06-28T08:44:56","slug":"tempo-quente","status":"publish","type":"post","link":"https:\/\/www.bvvizela.pt\/site\/tempo-quente\/","title":{"rendered":"Tempo quente"},"content":{"rendered":"<p>Segundo o Instituto Portugu\u00eas do Mar e da Atmosfera prev\u00ea-se a persist\u00eancia de tempo muito quente e seco nos pr\u00f3ximos dias. Aconselha-se \u00e0 popula\u00e7\u00e3o um extremo cuidado com o manuseio do fogo e que se mantenham hidratados e sempre que poss\u00edvel em locais frescos.<\/p>\n<p>Relembra-se que a partir de dia <strong>1 de julho<\/strong> est\u00e3o proibidas quaisquer tipos de fogueiras, fogachos ou queimadas. Estas est\u00e3o desaconselhadas sempre que as condi\u00e7\u00f5es meteorol\u00f3gicas assim o obriguem.<\/p>\n","protected":false},"excerpt":{"rendered":"<p>Segundo o Instituto Portugu\u00eas do Mar e da Atmosfera prev\u00ea-se a persist\u00eancia de tempo muito quente e seco nos pr\u00f3ximos dias. Aconselha-se \u00e0 popula\u00e7\u00e3o um extremo cuidado com o manuseio do fogo e que se mantenham hidratados e sempre que<\/p>\n","protected":false},"author":6,"featured_media":0,"comment_status":"open","ping_status":"closed","sticky":false,"template":"","format":"standard","meta":{"ngg_post_thumbnail":0,"footnotes":""},"categories":[1],"tags":[],"class_list":["post-3720","post","type-post","status-publish","format-standard","hentry","category-noticias"],"_links":{"self":[{"href":"https:\/\/www.bvvizela.pt\/site\/wp-json\/wp\/v2\/posts\/3720","targetHints":{"allow":["GET"]}}],"collection":[{"href":"https:\/\/www.bvvizela.pt\/site\/wp-json\/wp\/v2\/posts"}],"about":[{"href":"https:\/\/www.bvvizela.pt\/site\/wp-json\/wp\/v2\/types\/post"}],"author":[{"embeddable":true,"href":"https:\/\/www.bvvizela.pt\/site\/wp-json\/wp\/v2\/users\/6"}],"replies":[{"embeddable":true,"href":"https:\/\/www.bvvizela.pt\/site\/wp-json\/wp\/v2\/comments?post=3720"}],"version-history":[{"count":1,"href":"https:\/\/www.bvvizela.pt\/site\/wp-json\/wp\/v2\/posts\/3720\/revisions"}],"predecessor-version":[{"id":3721,"href":"https:\/\/www.bvvizela.pt\/site\/wp-json\/wp\/v2\/posts\/3720\/revisions\/3721"}],"wp:attachment":[{"href":"https:\/\/www.bvvizela.pt\/site\/wp-json\/wp\/v2\/media?parent=3720"}],"wp:term":[{"taxonomy":"category","embeddable":true,"href":"https:\/\/www.bvvizela.pt\/site\/wp-json\/wp\/v2\/categories?post=3720"},{"taxonomy":"post_tag","embeddable":true,"href":"https:\/\/www.bvvizela.pt\/site\/wp-json\/wp\/v2\/tags?post=3720"}],"curies":[{"name":"wp","href":"https:\/\/api.w.org\/{rel}","templated":true}]}}