{"id":370,"date":"2010-07-07T15:05:27","date_gmt":"2010-07-07T14:05:27","guid":{"rendered":"http:\/\/www.bvvizela.pt\/site\/?p=370"},"modified":"2010-09-03T19:04:36","modified_gmt":"2010-09-03T18:04:36","slug":"ii-maratona-de-futsal-b-v-vizela","status":"publish","type":"post","link":"https:\/\/www.bvvizela.pt\/site\/ii-maratona-de-futsal-b-v-vizela\/","title":{"rendered":"II Maratona de Futsal B.V.Vizela"},"content":{"rendered":"<p>A Juvebombeiro de Vizela levou a cabo mais uma actividade do seu calend\u00e1rio, que se resume na II Maratona de Futsal.<\/p>\n<p>A actividade teve lugar no pavilh\u00e3o da C\u00e2mara Municipal de Vizela, nos dias 26 e 27 do m\u00eas de Julho, de 2010, e contou com a presen\u00e7a de 12 equipas.<\/p>\n<p>Equipas essas: 100 saber 20 comer, Tricolor, Restaurante Olival, Caf\u00e9 Clipal, Grupo de Jovens de Santo Adri\u00e3o, All Stars, B. V. Caf\u00e9, Ass. da Lage, Bar da Bp, Caf\u00e9 Lameira, Casa do Benfica de Vizela, Mor\u00e1via.<\/p>\n<p>O 1\u00ba class. desta maratona foi a equipa do Restaurante Olival, 2\u00ba class. Ass. da Lage, 3\u00ba class. Caf\u00e9 Lameira, 4\u00ba class. Casa do Benfica.<\/p>\n<p>Houve ainda trof\u00e9u para o melhor marcador que foi J\u00falio Ribeiro da Ass. da Lage, melhor guarda-redes, Tiago Costa do Caf\u00e9 Lameira e o trof\u00e9u fair-play para a equipa All Stars.<\/p>\n<p>Foi um dia longo, cheio de jogos, muita anima\u00e7\u00e3o e conv\u00edvio entre jogadores e apoiantes.<\/p>\n<p>A Juvebombeiro, assume que foi uma prova que correu dentro da normalidade, s\u00f3 com alguns \u00e2nimos mais exaltados na final, pois estava em discuss\u00e3o o primeiro lugar, o lugar mais disputado.<\/p>\n<p>A Juvebombeiro, relembra tamb\u00e9m que o saldo desta actividade ser\u00e1 oferecido \u00e0 direc\u00e7\u00e3o da Associa\u00e7\u00e3o, para a ajuda na compra de novos equipamentos para todos os bombeiros.<\/p>\n<p>Desde j\u00e1 o agradecimento a todos os patrocinadores, colaboradores, equipas participantes e a todos aqueles que fizeram parte da organiza\u00e7\u00e3o.<\/p>\nngg_shortcode_0_placeholder\n","protected":false},"excerpt":{"rendered":"<p>A Juvebombeiro de Vizela levou a cabo mais uma actividade do seu calend\u00e1rio, que se resume na II Maratona de Futsal. A actividade teve lugar no pavilh\u00e3o da C\u00e2mara Municipal de Vizela, nos dias 26 e 27 do m\u00eas de<\/p>\n","protected":false},"author":2,"featured_media":0,"comment_status":"open","ping_status":"closed","sticky":false,"template":"","format":"standard","meta":{"ngg_post_thumbnail":0,"footnotes":""},"categories":[1],"tags":[],"class_list":["post-370","post","type-post","status-publish","format-standard","hentry","category-noticias"],"_links":{"self":[{"href":"https:\/\/www.bvvizela.pt\/site\/wp-json\/wp\/v2\/posts\/370","targetHints":{"allow":["GET"]}}],"collection":[{"href":"https:\/\/www.bvvizela.pt\/site\/wp-json\/wp\/v2\/posts"}],"about":[{"href":"https:\/\/www.bvvizela.pt\/site\/wp-json\/wp\/v2\/types\/post"}],"author":[{"embeddable":true,"href":"https:\/\/www.bvvizela.pt\/site\/wp-json\/wp\/v2\/users\/2"}],"replies":[{"embeddable":true,"href":"https:\/\/www.bvvizela.pt\/site\/wp-json\/wp\/v2\/comments?post=370"}],"version-history":[{"count":12,"href":"https:\/\/www.bvvizela.pt\/site\/wp-json\/wp\/v2\/posts\/370\/revisions"}],"predecessor-version":[{"id":613,"href":"https:\/\/www.bvvizela.pt\/site\/wp-json\/wp\/v2\/posts\/370\/revisions\/613"}],"wp:attachment":[{"href":"https:\/\/www.bvvizela.pt\/site\/wp-json\/wp\/v2\/media?parent=370"}],"wp:term":[{"taxonomy":"category","embeddable":true,"href":"https:\/\/www.bvvizela.pt\/site\/wp-json\/wp\/v2\/categories?post=370"},{"taxonomy":"post_tag","embeddable":true,"href":"https:\/\/www.bvvizela.pt\/site\/wp-json\/wp\/v2\/tags?post=370"}],"curies":[{"name":"wp","href":"https:\/\/api.w.org\/{rel}","templated":true}]}}