{"id":3678,"date":"2013-05-24T13:11:32","date_gmt":"2013-05-24T12:11:32","guid":{"rendered":"http:\/\/www.bvvizela.pt\/site\/?p=3678"},"modified":"2013-11-13T23:57:34","modified_gmt":"2013-11-13T23:57:34","slug":"exposicao-de-carros-e-miniaturas-dos-bombeiros","status":"publish","type":"post","link":"https:\/\/www.bvvizela.pt\/site\/exposicao-de-carros-e-miniaturas-dos-bombeiros\/","title":{"rendered":"Exposi\u00e7\u00e3o de carros e miniaturas dos Bombeiros"},"content":{"rendered":"<p style=\"text-align: justify;\">A Real Associa\u00e7\u00e3o Humanit\u00e1ria dos Bombeiros Volunt\u00e1rios de Vizela vai realizar entre os dias <strong>8 a 15 de Junho<\/strong>, no hor\u00e1rio das 10H \u2013 18H e das 20H \u2013 22H mais uma exposi\u00e7\u00e3o de carros e  miniaturas dos bombeiros, em que os expositores e colecionadores tamb\u00e9m s\u00e3o Bombeiros.<\/p>\n<p style=\"text-align: justify;\">A exposi\u00e7\u00e3o decorre no <strong>Museu dos Bombeiros<\/strong>, onde a entrada \u00e9 gratuita e toda a popula\u00e7\u00e3o est\u00e1 convidada a visitar.<\/p>\n<p style=\"text-align: justify;\">A visita de grupos, associa\u00e7\u00f5es e de escolas podem ser feitas por marca\u00e7\u00e3o, atrav\u00e9s do telefone 253 489 100.<\/p>\n<p style=\"text-align: justify;\">Aguardamos por si.<\/p>\n<p style=\"text-align: justify;\"><a href=\"http:\/\/www.bvvizela.pt\/site\/wp-content\/uploads\/cartaz3.pdf\">cartaz3<\/a><\/p>\n<div id='gallery-1' class='gallery galleryid-3678 gallery-columns-2 gallery-size-medium'><figure class='gallery-item'>\n\t\t\t<div class='gallery-icon portrait'>\n\t\t\t\t<a href='https:\/\/www.bvvizela.pt\/site\/wp-content\/uploads\/exp1.jpg'><img loading=\"lazy\" decoding=\"async\" width=\"225\" height=\"300\" src=\"https:\/\/www.bvvizela.pt\/site\/wp-content\/uploads\/exp1-225x300.jpg\" class=\"attachment-medium size-medium\" alt=\"\" srcset=\"https:\/\/www.bvvizela.pt\/site\/wp-content\/uploads\/exp1-225x300.jpg 225w, https:\/\/www.bvvizela.pt\/site\/wp-content\/uploads\/exp1.jpg 720w\" sizes=\"auto, (max-width: 225px) 100vw, 225px\" \/><\/a>\n\t\t\t<\/div><\/figure><figure class='gallery-item'>\n\t\t\t<div class='gallery-icon landscape'>\n\t\t\t\t<a href='https:\/\/www.bvvizela.pt\/site\/wp-content\/uploads\/exp3.jpg'><img loading=\"lazy\" decoding=\"async\" width=\"300\" height=\"225\" src=\"https:\/\/www.bvvizela.pt\/site\/wp-content\/uploads\/exp3-300x225.jpg\" class=\"attachment-medium size-medium\" alt=\"\" srcset=\"https:\/\/www.bvvizela.pt\/site\/wp-content\/uploads\/exp3-300x225.jpg 300w, https:\/\/www.bvvizela.pt\/site\/wp-content\/uploads\/exp3.jpg 960w\" sizes=\"auto, (max-width: 300px) 100vw, 300px\" \/><\/a>\n\t\t\t<\/div><\/figure><figure class='gallery-item'>\n\t\t\t<div class='gallery-icon landscape'>\n\t\t\t\t<a href='https:\/\/www.bvvizela.pt\/site\/wp-content\/uploads\/exp4.jpg'><img loading=\"lazy\" decoding=\"async\" width=\"300\" height=\"225\" src=\"https:\/\/www.bvvizela.pt\/site\/wp-content\/uploads\/exp4-300x225.jpg\" class=\"attachment-medium size-medium\" alt=\"\" srcset=\"https:\/\/www.bvvizela.pt\/site\/wp-content\/uploads\/exp4-300x225.jpg 300w, https:\/\/www.bvvizela.pt\/site\/wp-content\/uploads\/exp4.jpg 960w\" sizes=\"auto, (max-width: 300px) 100vw, 300px\" \/><\/a>\n\t\t\t<\/div><\/figure><figure class='gallery-item'>\n\t\t\t<div class='gallery-icon landscape'>\n\t\t\t\t<a href='https:\/\/www.bvvizela.pt\/site\/wp-content\/uploads\/exp5.jpg'><img loading=\"lazy\" decoding=\"async\" width=\"300\" height=\"225\" src=\"https:\/\/www.bvvizela.pt\/site\/wp-content\/uploads\/exp5-300x225.jpg\" class=\"attachment-medium size-medium\" alt=\"\" srcset=\"https:\/\/www.bvvizela.pt\/site\/wp-content\/uploads\/exp5-300x225.jpg 300w, https:\/\/www.bvvizela.pt\/site\/wp-content\/uploads\/exp5.jpg 960w\" sizes=\"auto, (max-width: 300px) 100vw, 300px\" \/><\/a>\n\t\t\t<\/div><\/figure>\n\t\t<\/div>\n\n","protected":false},"excerpt":{"rendered":"<p>A Real Associa\u00e7\u00e3o Humanit\u00e1ria dos Bombeiros Volunt\u00e1rios de Vizela vai realizar entre os dias 8 a 15 de Junho, no hor\u00e1rio das 10H \u2013 18H e das 20H \u2013 22H mais uma exposi\u00e7\u00e3o de carros e miniaturas dos bombeiros, em<\/p>\n","protected":false},"author":6,"featured_media":0,"comment_status":"open","ping_status":"closed","sticky":false,"template":"","format":"standard","meta":{"ngg_post_thumbnail":0,"footnotes":""},"categories":[1],"tags":[],"class_list":["post-3678","post","type-post","status-publish","format-standard","hentry","category-noticias"],"_links":{"self":[{"href":"https:\/\/www.bvvizela.pt\/site\/wp-json\/wp\/v2\/posts\/3678","targetHints":{"allow":["GET"]}}],"collection":[{"href":"https:\/\/www.bvvizela.pt\/site\/wp-json\/wp\/v2\/posts"}],"about":[{"href":"https:\/\/www.bvvizela.pt\/site\/wp-json\/wp\/v2\/types\/post"}],"author":[{"embeddable":true,"href":"https:\/\/www.bvvizela.pt\/site\/wp-json\/wp\/v2\/users\/6"}],"replies":[{"embeddable":true,"href":"https:\/\/www.bvvizela.pt\/site\/wp-json\/wp\/v2\/comments?post=3678"}],"version-history":[{"count":8,"href":"https:\/\/www.bvvizela.pt\/site\/wp-json\/wp\/v2\/posts\/3678\/revisions"}],"predecessor-version":[{"id":3837,"href":"https:\/\/www.bvvizela.pt\/site\/wp-json\/wp\/v2\/posts\/3678\/revisions\/3837"}],"wp:attachment":[{"href":"https:\/\/www.bvvizela.pt\/site\/wp-json\/wp\/v2\/media?parent=3678"}],"wp:term":[{"taxonomy":"category","embeddable":true,"href":"https:\/\/www.bvvizela.pt\/site\/wp-json\/wp\/v2\/categories?post=3678"},{"taxonomy":"post_tag","embeddable":true,"href":"https:\/\/www.bvvizela.pt\/site\/wp-json\/wp\/v2\/tags?post=3678"}],"curies":[{"name":"wp","href":"https:\/\/api.w.org\/{rel}","templated":true}]}}