{"id":3673,"date":"2013-05-21T09:44:18","date_gmt":"2013-05-21T08:44:18","guid":{"rendered":"http:\/\/www.bvvizela.pt\/site\/?p=3673"},"modified":"2013-05-21T09:44:18","modified_gmt":"2013-05-21T08:44:18","slug":"incendio-urbano-3","status":"publish","type":"post","link":"https:\/\/www.bvvizela.pt\/site\/incendio-urbano-3\/","title":{"rendered":"Inc\u00eandio Urbano"},"content":{"rendered":"<p>Pelas 22:09 horas do dia 20 de maio, os Bombeiros de Vizela recebem o alerta para um inc\u00eandio numa habita\u00e7\u00e3o na rua da Baixinha, freguesia de Moreira de C\u00f3negos.<\/p>\n<p>Para o local avan\u00e7ou o VUCI-01 com 5 elementos que encontaram um colch\u00e3o numa divis\u00e3o de uma habita\u00e7\u00e3o, na altura desabitada.<\/p>\n<p>No local esteve a GNR de Lordelo-Guimar\u00e3es que tomou conta da ocorr\u00eancia.<\/p>\n<p>Os trabalhos terminaram pelas 23:10 horas<\/p>\n","protected":false},"excerpt":{"rendered":"<p>Pelas 22:09 horas do dia 20 de maio, os Bombeiros de Vizela recebem o alerta para um inc\u00eandio numa habita\u00e7\u00e3o na rua da Baixinha, freguesia de Moreira de C\u00f3negos. Para o local avan\u00e7ou o VUCI-01 com 5 elementos que encontaram<\/p>\n","protected":false},"author":6,"featured_media":0,"comment_status":"open","ping_status":"closed","sticky":false,"template":"","format":"standard","meta":{"ngg_post_thumbnail":0,"footnotes":""},"categories":[1],"tags":[],"class_list":["post-3673","post","type-post","status-publish","format-standard","hentry","category-noticias"],"_links":{"self":[{"href":"https:\/\/www.bvvizela.pt\/site\/wp-json\/wp\/v2\/posts\/3673","targetHints":{"allow":["GET"]}}],"collection":[{"href":"https:\/\/www.bvvizela.pt\/site\/wp-json\/wp\/v2\/posts"}],"about":[{"href":"https:\/\/www.bvvizela.pt\/site\/wp-json\/wp\/v2\/types\/post"}],"author":[{"embeddable":true,"href":"https:\/\/www.bvvizela.pt\/site\/wp-json\/wp\/v2\/users\/6"}],"replies":[{"embeddable":true,"href":"https:\/\/www.bvvizela.pt\/site\/wp-json\/wp\/v2\/comments?post=3673"}],"version-history":[{"count":1,"href":"https:\/\/www.bvvizela.pt\/site\/wp-json\/wp\/v2\/posts\/3673\/revisions"}],"predecessor-version":[{"id":3674,"href":"https:\/\/www.bvvizela.pt\/site\/wp-json\/wp\/v2\/posts\/3673\/revisions\/3674"}],"wp:attachment":[{"href":"https:\/\/www.bvvizela.pt\/site\/wp-json\/wp\/v2\/media?parent=3673"}],"wp:term":[{"taxonomy":"category","embeddable":true,"href":"https:\/\/www.bvvizela.pt\/site\/wp-json\/wp\/v2\/categories?post=3673"},{"taxonomy":"post_tag","embeddable":true,"href":"https:\/\/www.bvvizela.pt\/site\/wp-json\/wp\/v2\/tags?post=3673"}],"curies":[{"name":"wp","href":"https:\/\/api.w.org\/{rel}","templated":true}]}}