{"id":3670,"date":"2013-05-17T16:59:04","date_gmt":"2013-05-17T15:59:04","guid":{"rendered":"http:\/\/www.bvvizela.pt\/site\/?p=3670"},"modified":"2013-05-17T17:00:27","modified_gmt":"2013-05-17T16:00:27","slug":"acidente-de-viacao-7","status":"publish","type":"post","link":"https:\/\/www.bvvizela.pt\/site\/acidente-de-viacao-7\/","title":{"rendered":"Acidente de Via\u00e7\u00e3o"},"content":{"rendered":"<p>Pelas 16:11 horas do dia 16 de maio, os Bombeiros de Vizela foram alertados para um acidente de via\u00e7\u00e3o entre dois ve\u00edculos pesados com encarcerados, na Rua de S\u00e1, freguesia de Santa Eul\u00e1lia.<\/p>\n<p>Para o Local avan\u00e7ou imediatamente a ABSC-06 com 3 elementos e o VSAT-02 com 7 elementos que encontraram uma vitima do sexo masculino de 45 anos, natural de Felgueiras que estava encarcerada,\u00a0 num ve\u00edculo pesado que embateu num outro que seguia em sentido contr\u00e1rio. A vitima foi transportada para o Centro Hospitalar do Alto Ave &#8211; Hospital de Guimar\u00e3es com ferimentos ligeiros.<\/p>\n<p>Esteve no local a VMER de Guimar\u00e3es e a GNR de Vizela.<\/p>\n","protected":false},"excerpt":{"rendered":"<p>Pelas 16:11 horas do dia 16 de maio, os Bombeiros de Vizela foram alertados para um acidente de via\u00e7\u00e3o entre dois ve\u00edculos pesados com encarcerados, na Rua de S\u00e1, freguesia de Santa Eul\u00e1lia. Para o Local avan\u00e7ou imediatamente a ABSC-06<\/p>\n","protected":false},"author":6,"featured_media":0,"comment_status":"open","ping_status":"closed","sticky":false,"template":"","format":"standard","meta":{"ngg_post_thumbnail":0,"footnotes":""},"categories":[1],"tags":[],"class_list":["post-3670","post","type-post","status-publish","format-standard","hentry","category-noticias"],"_links":{"self":[{"href":"https:\/\/www.bvvizela.pt\/site\/wp-json\/wp\/v2\/posts\/3670","targetHints":{"allow":["GET"]}}],"collection":[{"href":"https:\/\/www.bvvizela.pt\/site\/wp-json\/wp\/v2\/posts"}],"about":[{"href":"https:\/\/www.bvvizela.pt\/site\/wp-json\/wp\/v2\/types\/post"}],"author":[{"embeddable":true,"href":"https:\/\/www.bvvizela.pt\/site\/wp-json\/wp\/v2\/users\/6"}],"replies":[{"embeddable":true,"href":"https:\/\/www.bvvizela.pt\/site\/wp-json\/wp\/v2\/comments?post=3670"}],"version-history":[{"count":2,"href":"https:\/\/www.bvvizela.pt\/site\/wp-json\/wp\/v2\/posts\/3670\/revisions"}],"predecessor-version":[{"id":3672,"href":"https:\/\/www.bvvizela.pt\/site\/wp-json\/wp\/v2\/posts\/3670\/revisions\/3672"}],"wp:attachment":[{"href":"https:\/\/www.bvvizela.pt\/site\/wp-json\/wp\/v2\/media?parent=3670"}],"wp:term":[{"taxonomy":"category","embeddable":true,"href":"https:\/\/www.bvvizela.pt\/site\/wp-json\/wp\/v2\/categories?post=3670"},{"taxonomy":"post_tag","embeddable":true,"href":"https:\/\/www.bvvizela.pt\/site\/wp-json\/wp\/v2\/tags?post=3670"}],"curies":[{"name":"wp","href":"https:\/\/api.w.org\/{rel}","templated":true}]}}