{"id":3567,"date":"2013-05-01T19:31:55","date_gmt":"2013-05-01T18:31:55","guid":{"rendered":"http:\/\/www.bvvizela.pt\/site\/?p=3567"},"modified":"2016-04-28T19:33:00","modified_gmt":"2016-04-28T18:33:00","slug":"programa-das-cerimonias-comemorativas-do-136%c2%ba-aniversario","status":"publish","type":"post","link":"https:\/\/www.bvvizela.pt\/site\/programa-das-cerimonias-comemorativas-do-136%c2%ba-aniversario\/","title":{"rendered":"Programa das Cerim\u00f3nias Comemorativas do 136\u00ba Anivers\u00e1rio"},"content":{"rendered":"<div id=\"_mcePaste\">A Real Associa\u00e7\u00e3o Humanit\u00e1ria dos Bombeiros Volunt\u00e1rios de Vizela celebra no pr\u00f3ximo dia 8 de Maio o seu 136\u00ba Anivers\u00e1rio. As comemora\u00e7\u00f5es principais ser\u00e3o no pr\u00f3ximo dia 12 de Maio, Domingo, com o seguinte programa:<\/div>\n<div id=\"_mcePaste\">07:00 horas &#8211; alvorada<\/div>\n<div id=\"_mcePaste\">08:30 horas &#8211; formatura e hastear de bandeiras<\/div>\n<div id=\"_mcePaste\">08:35 horas &#8211; romagem aos cemit\u00e9rios de S. Miguel e S. Jo\u00e3o<\/div>\n<div id=\"_mcePaste\">10:00 horas &#8211; missa solene no quartel<\/div>\n<div id=\"_mcePaste\">11:00 horas &#8211; rece\u00e7\u00e3o aos convidados<\/div>\n<div id=\"_mcePaste\">11:20 horas &#8211; imposi\u00e7\u00e3o de medalhas<\/div>\n<div id=\"_mcePaste\">11:45 horas &#8211; b\u00ean\u00e7\u00e3o das viaturas transformadas<\/div>\n<div id=\"_mcePaste\">12:00 horas &#8211; sess\u00e3o solene e homenagens<\/div>\n<div id=\"_mcePaste\">13:00 horas \u2013 desfile de viaturas<\/div>\n<div id=\"_mcePaste\">13:15 horas \u2013 almo\u00e7o no quartel<\/div>\n<div id=\"_mcePaste\">Durante o m\u00eas de Maio outras atividades, que ser\u00e3o brevemente divulgadas, celebrar\u00e3o este Anivers\u00e1rio.<\/div>\n<p>A Real Associa\u00e7\u00e3o Humanit\u00e1ria dos Bombeiros Volunt\u00e1rios de Vizela celebra no pr\u00f3ximo dia 8 de Maio o seu 136\u00ba Anivers\u00e1rio. As comemora\u00e7\u00f5es principais ser\u00e3o no pr\u00f3ximo dia 12 de Maio, Domingo, com o seguinte programa:<br \/>\n07:00 horas &#8211; alvorada08:30 horas &#8211; formatura e hastear de bandeiras08:35 horas &#8211; romagem aos cemit\u00e9rios de S. Miguel e S. Jo\u00e3o10:00 horas &#8211; missa solene no quartel11:00 horas &#8211; rece\u00e7\u00e3o aos convidados11:20 horas &#8211; imposi\u00e7\u00e3o de medalhas11:45 horas &#8211; b\u00ean\u00e7\u00e3o das viaturas transformadas12:00 horas &#8211; sess\u00e3o solene e homenagens13:00 horas \u2013 desfile de viaturas13:15 horas \u2013 almo\u00e7o no quartel<br \/>\nDurante o m\u00eas de Maio outras atividades, que ser\u00e3o brevemente divulgadas, celebrar\u00e3o este Anivers\u00e1rio.<\/p>\n","protected":false},"excerpt":{"rendered":"<p>A Real Associa\u00e7\u00e3o Humanit\u00e1ria dos Bombeiros Volunt\u00e1rios de Vizela celebra no pr\u00f3ximo dia 8 de Maio o seu 136\u00ba Anivers\u00e1rio. As comemora\u00e7\u00f5es principais ser\u00e3o no pr\u00f3ximo dia 12 de Maio, Domingo, com o seguinte programa: 07:00 horas &#8211; alvorada 08:30<\/p>\n","protected":false},"author":6,"featured_media":0,"comment_status":"open","ping_status":"closed","sticky":false,"template":"","format":"standard","meta":{"ngg_post_thumbnail":0,"footnotes":""},"categories":[3,1],"tags":[],"class_list":["post-3567","post","type-post","status-publish","format-standard","hentry","category-destaques","category-noticias"],"_links":{"self":[{"href":"https:\/\/www.bvvizela.pt\/site\/wp-json\/wp\/v2\/posts\/3567","targetHints":{"allow":["GET"]}}],"collection":[{"href":"https:\/\/www.bvvizela.pt\/site\/wp-json\/wp\/v2\/posts"}],"about":[{"href":"https:\/\/www.bvvizela.pt\/site\/wp-json\/wp\/v2\/types\/post"}],"author":[{"embeddable":true,"href":"https:\/\/www.bvvizela.pt\/site\/wp-json\/wp\/v2\/users\/6"}],"replies":[{"embeddable":true,"href":"https:\/\/www.bvvizela.pt\/site\/wp-json\/wp\/v2\/comments?post=3567"}],"version-history":[{"count":36,"href":"https:\/\/www.bvvizela.pt\/site\/wp-json\/wp\/v2\/posts\/3567\/revisions"}],"predecessor-version":[{"id":3634,"href":"https:\/\/www.bvvizela.pt\/site\/wp-json\/wp\/v2\/posts\/3567\/revisions\/3634"}],"wp:attachment":[{"href":"https:\/\/www.bvvizela.pt\/site\/wp-json\/wp\/v2\/media?parent=3567"}],"wp:term":[{"taxonomy":"category","embeddable":true,"href":"https:\/\/www.bvvizela.pt\/site\/wp-json\/wp\/v2\/categories?post=3567"},{"taxonomy":"post_tag","embeddable":true,"href":"https:\/\/www.bvvizela.pt\/site\/wp-json\/wp\/v2\/tags?post=3567"}],"curies":[{"name":"wp","href":"https:\/\/api.w.org\/{rel}","templated":true}]}}