{"id":3565,"date":"2013-04-16T18:26:02","date_gmt":"2013-04-16T17:26:02","guid":{"rendered":"http:\/\/www.bvvizela.pt\/site\/?p=3565"},"modified":"2013-04-16T18:26:02","modified_gmt":"2013-04-16T17:26:02","slug":"acidente-de-viacao-em-santo-adriao","status":"publish","type":"post","link":"https:\/\/www.bvvizela.pt\/site\/acidente-de-viacao-em-santo-adriao\/","title":{"rendered":"Acidente de via\u00e7\u00e3o em Santo Adri\u00e3o"},"content":{"rendered":"<p style=\"text-align: justify;\">Uma colis\u00e3o entre dois ve\u00edculos ligeiros, um de passageiros e outro comercial, provocou esta tarde feridos ligeiros.<\/p>\n<p style=\"text-align: justify;\">O alerta foi dado pelas 14:33 horas, via CODU para uma colis\u00e3o na rua de Britelo, freguesia de Santo Adri\u00e3o, concelho de Vizela, do qual resultaram 3 feridos ligeiros, sem encarcerados.<\/p>\n<p style=\"text-align: justify;\">Accionadas de imediato, a INEM 01 com 3 elementos e a ABSC 06 com 3 elementos. No local e, ap\u00f3s a avalia\u00e7\u00e3o dos feridos, apenas um dos feridos do sexo feminino com 34 anos \u00e9 que necessitou de ser transportado ao Centro Hospitalar do Alto Ave &#8211; Hospital de Guimar\u00e3es, apresentando traumatismos nos membros superiores e inferiores.<\/p>\n<p style=\"text-align: justify;\">GNR de Vizela esteve no local a tomar conta da ocorr\u00eancia.<\/p>\n","protected":false},"excerpt":{"rendered":"<p>Uma colis\u00e3o entre dois ve\u00edculos ligeiros, um de passageiros e outro comercial, provocou esta tarde feridos ligeiros. O alerta foi dado pelas 14:33 horas, via CODU para uma colis\u00e3o na rua de Britelo, freguesia de Santo Adri\u00e3o, concelho de Vizela,<\/p>\n","protected":false},"author":6,"featured_media":0,"comment_status":"open","ping_status":"closed","sticky":false,"template":"","format":"standard","meta":{"ngg_post_thumbnail":0,"footnotes":""},"categories":[1],"tags":[],"class_list":["post-3565","post","type-post","status-publish","format-standard","hentry","category-noticias"],"_links":{"self":[{"href":"https:\/\/www.bvvizela.pt\/site\/wp-json\/wp\/v2\/posts\/3565","targetHints":{"allow":["GET"]}}],"collection":[{"href":"https:\/\/www.bvvizela.pt\/site\/wp-json\/wp\/v2\/posts"}],"about":[{"href":"https:\/\/www.bvvizela.pt\/site\/wp-json\/wp\/v2\/types\/post"}],"author":[{"embeddable":true,"href":"https:\/\/www.bvvizela.pt\/site\/wp-json\/wp\/v2\/users\/6"}],"replies":[{"embeddable":true,"href":"https:\/\/www.bvvizela.pt\/site\/wp-json\/wp\/v2\/comments?post=3565"}],"version-history":[{"count":1,"href":"https:\/\/www.bvvizela.pt\/site\/wp-json\/wp\/v2\/posts\/3565\/revisions"}],"predecessor-version":[{"id":3566,"href":"https:\/\/www.bvvizela.pt\/site\/wp-json\/wp\/v2\/posts\/3565\/revisions\/3566"}],"wp:attachment":[{"href":"https:\/\/www.bvvizela.pt\/site\/wp-json\/wp\/v2\/media?parent=3565"}],"wp:term":[{"taxonomy":"category","embeddable":true,"href":"https:\/\/www.bvvizela.pt\/site\/wp-json\/wp\/v2\/categories?post=3565"},{"taxonomy":"post_tag","embeddable":true,"href":"https:\/\/www.bvvizela.pt\/site\/wp-json\/wp\/v2\/tags?post=3565"}],"curies":[{"name":"wp","href":"https:\/\/api.w.org\/{rel}","templated":true}]}}