{"id":3557,"date":"2013-04-08T12:41:20","date_gmt":"2013-04-08T11:41:20","guid":{"rendered":"http:\/\/www.bvvizela.pt\/site\/?p=3557"},"modified":"2013-04-08T12:41:20","modified_gmt":"2013-04-08T11:41:20","slug":"participacao-no-rallye-em-fafe","status":"publish","type":"post","link":"https:\/\/www.bvvizela.pt\/site\/participacao-no-rallye-em-fafe\/","title":{"rendered":"Participa\u00e7\u00e3o no Rallye em Fafe"},"content":{"rendered":"<p>O concelho de Fafe recebeu nos dias 5 e 6 de Abril o Rallye WRC Sprint. Os volunt\u00e1rios de Vizela marcaram presen\u00e7a no dispositivo de socorro\u00a0 preparado para a prova. Uma ambul\u00e2ncia e a respectiva guarni\u00e7\u00e3o de 3 elementos estiveram de preven\u00e7\u00e3o, numa opera\u00e7\u00e3o que teve in\u00edcio as 06 horas e 25 minutos e terminou por volta das 20 horas e 45 minutos.<\/p>\n","protected":false},"excerpt":{"rendered":"<p>O concelho de Fafe recebeu nos dias 5 e 6 de Abril o Rallye WRC Sprint. Os volunt\u00e1rios de Vizela marcaram presen\u00e7a no dispositivo de socorro\u00a0 preparado para a prova. Uma ambul\u00e2ncia e a respectiva guarni\u00e7\u00e3o de 3 elementos estiveram<\/p>\n","protected":false},"author":6,"featured_media":0,"comment_status":"open","ping_status":"closed","sticky":false,"template":"","format":"standard","meta":{"ngg_post_thumbnail":0,"footnotes":""},"categories":[1],"tags":[],"class_list":["post-3557","post","type-post","status-publish","format-standard","hentry","category-noticias"],"_links":{"self":[{"href":"https:\/\/www.bvvizela.pt\/site\/wp-json\/wp\/v2\/posts\/3557","targetHints":{"allow":["GET"]}}],"collection":[{"href":"https:\/\/www.bvvizela.pt\/site\/wp-json\/wp\/v2\/posts"}],"about":[{"href":"https:\/\/www.bvvizela.pt\/site\/wp-json\/wp\/v2\/types\/post"}],"author":[{"embeddable":true,"href":"https:\/\/www.bvvizela.pt\/site\/wp-json\/wp\/v2\/users\/6"}],"replies":[{"embeddable":true,"href":"https:\/\/www.bvvizela.pt\/site\/wp-json\/wp\/v2\/comments?post=3557"}],"version-history":[{"count":1,"href":"https:\/\/www.bvvizela.pt\/site\/wp-json\/wp\/v2\/posts\/3557\/revisions"}],"predecessor-version":[{"id":3558,"href":"https:\/\/www.bvvizela.pt\/site\/wp-json\/wp\/v2\/posts\/3557\/revisions\/3558"}],"wp:attachment":[{"href":"https:\/\/www.bvvizela.pt\/site\/wp-json\/wp\/v2\/media?parent=3557"}],"wp:term":[{"taxonomy":"category","embeddable":true,"href":"https:\/\/www.bvvizela.pt\/site\/wp-json\/wp\/v2\/categories?post=3557"},{"taxonomy":"post_tag","embeddable":true,"href":"https:\/\/www.bvvizela.pt\/site\/wp-json\/wp\/v2\/tags?post=3557"}],"curies":[{"name":"wp","href":"https:\/\/api.w.org\/{rel}","templated":true}]}}