{"id":3555,"date":"2013-04-08T11:45:54","date_gmt":"2013-04-08T10:45:54","guid":{"rendered":"http:\/\/www.bvvizela.pt\/site\/?p=3555"},"modified":"2013-04-08T11:45:54","modified_gmt":"2013-04-08T10:45:54","slug":"acidentes-no-dia-7-de-abril","status":"publish","type":"post","link":"https:\/\/www.bvvizela.pt\/site\/acidentes-no-dia-7-de-abril\/","title":{"rendered":"Acidentes no dia 7 de Abril"},"content":{"rendered":"<p style=\"text-align: justify;\">O dia 7 de Abril de 2013, ficou marcado pelas ocorr\u00eancias de 1 atropelamento e de 1 acidente de via\u00e7\u00e3o dos quais resultaram apenas feridos ligeiros.<\/p>\n<p style=\"text-align: justify;\">\n<p style=\"text-align: justify;\">Alertados, pelas 12 horas e 22 minutos, via CODU, para um atropelamento, na Estrada Nacional 105, na freguesia de Nespereira, junto ao O\u00e1sis Plantas. Acionado de imediato a INEM 01 com 3 operacionais, que no local se depararam com uma masculino de 34 anos com ferimentos ligeiros. Ap\u00f3s a avalia\u00e7\u00e3o e a assist\u00eancia foi transportado ao Centro Hospitalar do Alto Ave \u2013 Unidade de Guimar\u00e3es. Uma patrulha da GNR de Guimar\u00e3es passou posteriormente no local da ocorr\u00eancia. As opera\u00e7\u00f5es terminaram por volta das 13 horas e 18 minutos.<\/p>\n<p style=\"text-align: justify;\">\n<p style=\"text-align: justify;\">A meio da tarde, a central dos volunt\u00e1rios de Vizela, recebe pelas 15 horas e 54 minutos,\u00a0 o alerta de um acidente de via\u00e7\u00e3o, na rua de Carreira Ch\u00e3, em Santa Eul\u00e1lia. Acionada de imediato a INEM 01 com 3 elementos e \u00e0 posterior a ABSC 04 com mais 3 elementos. As vitimas, uma do sexo feminino com 55 anos e outro do sexo masculino com 19 anos, ambos com ferimentos ligeiros, ap\u00f3s a avalia\u00e7\u00e3o e a assist\u00eancia foram transportados ao Centro Hospitalar do Alto Ave \u2013 Unidade de Guimar\u00e3es. GNR de Vizela\u00a0 esteve no local e tomou conta da ocorr\u00eancia. As opera\u00e7\u00f5es terminaram por volta das 17 horas e 30 minutos<\/p>\n","protected":false},"excerpt":{"rendered":"<p>O dia 7 de Abril de 2013, ficou marcado pelas ocorr\u00eancias de 1 atropelamento e de 1 acidente de via\u00e7\u00e3o dos quais resultaram apenas feridos ligeiros. Alertados, pelas 12 horas e 22 minutos, via CODU, para um atropelamento, na Estrada<\/p>\n","protected":false},"author":6,"featured_media":0,"comment_status":"open","ping_status":"closed","sticky":false,"template":"","format":"standard","meta":{"ngg_post_thumbnail":0,"footnotes":""},"categories":[1],"tags":[],"class_list":["post-3555","post","type-post","status-publish","format-standard","hentry","category-noticias"],"_links":{"self":[{"href":"https:\/\/www.bvvizela.pt\/site\/wp-json\/wp\/v2\/posts\/3555","targetHints":{"allow":["GET"]}}],"collection":[{"href":"https:\/\/www.bvvizela.pt\/site\/wp-json\/wp\/v2\/posts"}],"about":[{"href":"https:\/\/www.bvvizela.pt\/site\/wp-json\/wp\/v2\/types\/post"}],"author":[{"embeddable":true,"href":"https:\/\/www.bvvizela.pt\/site\/wp-json\/wp\/v2\/users\/6"}],"replies":[{"embeddable":true,"href":"https:\/\/www.bvvizela.pt\/site\/wp-json\/wp\/v2\/comments?post=3555"}],"version-history":[{"count":1,"href":"https:\/\/www.bvvizela.pt\/site\/wp-json\/wp\/v2\/posts\/3555\/revisions"}],"predecessor-version":[{"id":3556,"href":"https:\/\/www.bvvizela.pt\/site\/wp-json\/wp\/v2\/posts\/3555\/revisions\/3556"}],"wp:attachment":[{"href":"https:\/\/www.bvvizela.pt\/site\/wp-json\/wp\/v2\/media?parent=3555"}],"wp:term":[{"taxonomy":"category","embeddable":true,"href":"https:\/\/www.bvvizela.pt\/site\/wp-json\/wp\/v2\/categories?post=3555"},{"taxonomy":"post_tag","embeddable":true,"href":"https:\/\/www.bvvizela.pt\/site\/wp-json\/wp\/v2\/tags?post=3555"}],"curies":[{"name":"wp","href":"https:\/\/api.w.org\/{rel}","templated":true}]}}