{"id":3550,"date":"2013-03-30T13:27:58","date_gmt":"2013-03-30T13:27:58","guid":{"rendered":"http:\/\/www.bvvizela.pt\/site\/?p=3550"},"modified":"2013-03-30T13:27:58","modified_gmt":"2013-03-30T13:27:58","slug":"colisao-resulta-num-ferido-muito-grave","status":"publish","type":"post","link":"https:\/\/www.bvvizela.pt\/site\/colisao-resulta-num-ferido-muito-grave\/","title":{"rendered":"Colis\u00e3o resulta num ferido muito grave"},"content":{"rendered":"<p style=\"text-align: justify;\">Pelas 21:24 horas o CODU aciona os Bombeiros de Vizela para um acidente de via\u00e7\u00e3o, colis\u00e3o de um ligeiro de passageiros e um ciclomotor, na freguesia de Santo Adri\u00e3o no final da rua de Felgueiras, mais conhecido pelo jardim de Bou\u00e7\u00f3.<\/p>\n<p style=\"text-align: justify;\">Para o local avan\u00e7aram 3 elementos na INEM-01 que encontraram apenas um ferido, o condutor da mota que se encontrava com um traumatismo cr\u00e2nio-encef\u00e1lico grave e em paragem cardio-respirat\u00f3ria. A vitima do sexo masculino com 61 anos foi imediatamente encaminhada ao Centro Hospitalar do Alto Ave &#8211; Hospital de Guimar\u00e3es em manobras de reanima\u00e7\u00e3o cardio-respirat\u00f3ria.<\/p>\n<p style=\"text-align: justify;\">No local esteve ainda a GNR de Vizela.<\/p>\n","protected":false},"excerpt":{"rendered":"<p>Pelas 21:24 horas o CODU aciona os Bombeiros de Vizela para um acidente de via\u00e7\u00e3o, colis\u00e3o de um ligeiro de passageiros e um ciclomotor, na freguesia de Santo Adri\u00e3o no final da rua de Felgueiras, mais conhecido pelo jardim de<\/p>\n","protected":false},"author":6,"featured_media":0,"comment_status":"open","ping_status":"closed","sticky":false,"template":"","format":"standard","meta":{"ngg_post_thumbnail":0,"footnotes":""},"categories":[1],"tags":[],"class_list":["post-3550","post","type-post","status-publish","format-standard","hentry","category-noticias"],"_links":{"self":[{"href":"https:\/\/www.bvvizela.pt\/site\/wp-json\/wp\/v2\/posts\/3550","targetHints":{"allow":["GET"]}}],"collection":[{"href":"https:\/\/www.bvvizela.pt\/site\/wp-json\/wp\/v2\/posts"}],"about":[{"href":"https:\/\/www.bvvizela.pt\/site\/wp-json\/wp\/v2\/types\/post"}],"author":[{"embeddable":true,"href":"https:\/\/www.bvvizela.pt\/site\/wp-json\/wp\/v2\/users\/6"}],"replies":[{"embeddable":true,"href":"https:\/\/www.bvvizela.pt\/site\/wp-json\/wp\/v2\/comments?post=3550"}],"version-history":[{"count":1,"href":"https:\/\/www.bvvizela.pt\/site\/wp-json\/wp\/v2\/posts\/3550\/revisions"}],"predecessor-version":[{"id":3551,"href":"https:\/\/www.bvvizela.pt\/site\/wp-json\/wp\/v2\/posts\/3550\/revisions\/3551"}],"wp:attachment":[{"href":"https:\/\/www.bvvizela.pt\/site\/wp-json\/wp\/v2\/media?parent=3550"}],"wp:term":[{"taxonomy":"category","embeddable":true,"href":"https:\/\/www.bvvizela.pt\/site\/wp-json\/wp\/v2\/categories?post=3550"},{"taxonomy":"post_tag","embeddable":true,"href":"https:\/\/www.bvvizela.pt\/site\/wp-json\/wp\/v2\/tags?post=3550"}],"curies":[{"name":"wp","href":"https:\/\/api.w.org\/{rel}","templated":true}]}}