{"id":327,"date":"2010-06-04T09:08:32","date_gmt":"2010-06-04T08:08:32","guid":{"rendered":"http:\/\/www.bvvizela.pt\/site\/?p=327"},"modified":"2010-10-01T21:35:54","modified_gmt":"2010-10-01T20:35:54","slug":"ii-maratona-de-futsal-dos-b-v-vizela","status":"publish","type":"post","link":"https:\/\/www.bvvizela.pt\/site\/ii-maratona-de-futsal-dos-b-v-vizela\/","title":{"rendered":"II Maratona de Futsal dos B. V. Vizela"},"content":{"rendered":"<h4><strong>II Maratona de Futsal dos B. V. Vizela<\/strong><\/h4>\n<p>Dando continuidade \u00e0 actividade iniciada no ano anterior, a II Maratona de Futsal dos B. V. Vizela vai ter lugar no pavilh\u00e3o municipal desta cidade, nos pr\u00f3ximos dias 26 e 27 de Junho de 2010.<\/p>\n<p>A competi\u00e7\u00e3o, organizada pela Juvebombeiro, pretende reunir equipas com esp\u00edrito desportivo e boa disposi\u00e7\u00e3o, que proporcionem um agrad\u00e1vel espect\u00e1culo e conv\u00edvio a todos os participantes e apoiantes.<\/p>\n<p>As inscri\u00e7\u00f5es est\u00e3o abertas at\u00e9 ao dia 21 de Junho, sendo o pre\u00e7o de inscri\u00e7\u00e3o, por equipa, de 65 capacetes. O limite m\u00e1ximo de jogadores por equipa \u00e9 de 10. No acto de inscri\u00e7\u00e3o \u00e9 paga uma cau\u00e7\u00e3o de 25 capacetes.<\/p>\n<p>O sorteio das equipas realiza-se no dia 23 de Junho, pelas 21:00 horas, nos B. V. Vizela.<\/p>\n<p>Ser\u00e3o atribu\u00eddos, no final, os trof\u00e9us para o 1\u00ba, 2\u00ba, 3\u00ba e 4\u00ba classificados e ainda para o \u201cMelhor Marcador\u201d, \u201cMelhor Guarda-redes\u201d e o \u201cTrof\u00e9u Fair-Play\u201d.<\/p>\n<p>As receitas do evento revertem a favor dos B. V. Vizela.<\/p>\n<p>Contamos com a vossa inscri\u00e7\u00e3o e a vossa participa\u00e7\u00e3o!<\/p>\nngg_shortcode_0_placeholder\n<p style=\"text-align: center;\">\n","protected":false},"excerpt":{"rendered":"<p>II Maratona de Futsal dos B. V. Vizela Dando continuidade \u00e0 actividade iniciada no ano anterior, a II Maratona de Futsal dos B. V. Vizela vai ter lugar no pavilh\u00e3o municipal desta cidade, nos pr\u00f3ximos dias 26 e 27 de<\/p>\n","protected":false},"author":6,"featured_media":0,"comment_status":"open","ping_status":"closed","sticky":false,"template":"","format":"standard","meta":{"ngg_post_thumbnail":0,"footnotes":""},"categories":[1],"tags":[],"class_list":["post-327","post","type-post","status-publish","format-standard","hentry","category-noticias"],"_links":{"self":[{"href":"https:\/\/www.bvvizela.pt\/site\/wp-json\/wp\/v2\/posts\/327","targetHints":{"allow":["GET"]}}],"collection":[{"href":"https:\/\/www.bvvizela.pt\/site\/wp-json\/wp\/v2\/posts"}],"about":[{"href":"https:\/\/www.bvvizela.pt\/site\/wp-json\/wp\/v2\/types\/post"}],"author":[{"embeddable":true,"href":"https:\/\/www.bvvizela.pt\/site\/wp-json\/wp\/v2\/users\/6"}],"replies":[{"embeddable":true,"href":"https:\/\/www.bvvizela.pt\/site\/wp-json\/wp\/v2\/comments?post=327"}],"version-history":[{"count":19,"href":"https:\/\/www.bvvizela.pt\/site\/wp-json\/wp\/v2\/posts\/327\/revisions"}],"predecessor-version":[{"id":733,"href":"https:\/\/www.bvvizela.pt\/site\/wp-json\/wp\/v2\/posts\/327\/revisions\/733"}],"wp:attachment":[{"href":"https:\/\/www.bvvizela.pt\/site\/wp-json\/wp\/v2\/media?parent=327"}],"wp:term":[{"taxonomy":"category","embeddable":true,"href":"https:\/\/www.bvvizela.pt\/site\/wp-json\/wp\/v2\/categories?post=327"},{"taxonomy":"post_tag","embeddable":true,"href":"https:\/\/www.bvvizela.pt\/site\/wp-json\/wp\/v2\/tags?post=327"}],"curies":[{"name":"wp","href":"https:\/\/api.w.org\/{rel}","templated":true}]}}