{"id":219,"date":"2010-05-26T14:11:04","date_gmt":"2010-05-26T13:11:04","guid":{"rendered":"http:\/\/www.bvvizela.pt\/site\/?p=219"},"modified":"2011-01-20T17:36:48","modified_gmt":"2011-01-20T17:36:48","slug":"abtm-07-veio-reforcar-o-nosso-parque-de-viaturas","status":"publish","type":"post","link":"https:\/\/www.bvvizela.pt\/site\/abtm-07-veio-reforcar-o-nosso-parque-de-viaturas\/","title":{"rendered":"ABTM-07 veio refor\u00e7ar o nosso parque de viaturas"},"content":{"rendered":"<p><strong>Com o pensamento na qualidade dos servi\u00e7os a prestar \u00e0 popula\u00e7\u00e3o no \u00e2mbito do transporte de doentes para as Cl\u00ednicas de Reabilita\u00e7\u00e3o, a Direc\u00e7\u00e3o desta Associa\u00e7\u00e3o adquiriu uma nova viatura de marca Mercedes com capacidade de transporte de 9 pessoas com a vertente de cadeira de rodas. Assim demos mais um passo em rela\u00e7\u00e3o \u00a0\u00e0 qualidade de servi\u00e7os a prestar \u00e0 comunidade. Esperamos que todos compreendam este esfor\u00e7o e saibam corresponder na medida do poss\u00edvel \u00e0s v\u00e1rias iniciativas de angaria\u00e7\u00e3o de fundos que a Associa\u00e7\u00e3o tem levado a efeito. Ser\u00e1 na colabora\u00e7\u00e3o rec\u00edproca que se conseguir\u00e1 atingir os objectivos propostos<\/strong><\/p>\nngg_shortcode_0_placeholder\n","protected":false},"excerpt":{"rendered":"<p>Com o pensamento na qualidade dos servi\u00e7os a prestar \u00e0 popula\u00e7\u00e3o no \u00e2mbito do transporte de doentes para as Cl\u00ednicas de Reabilita\u00e7\u00e3o, a Direc\u00e7\u00e3o desta Associa\u00e7\u00e3o adquiriu uma nova viatura de marca Mercedes com capacidade de transporte de 9 pessoas<\/p>\n","protected":false},"author":6,"featured_media":0,"comment_status":"open","ping_status":"closed","sticky":false,"template":"","format":"standard","meta":{"ngg_post_thumbnail":0,"footnotes":""},"categories":[1],"tags":[],"class_list":["post-219","post","type-post","status-publish","format-standard","hentry","category-noticias"],"_links":{"self":[{"href":"https:\/\/www.bvvizela.pt\/site\/wp-json\/wp\/v2\/posts\/219","targetHints":{"allow":["GET"]}}],"collection":[{"href":"https:\/\/www.bvvizela.pt\/site\/wp-json\/wp\/v2\/posts"}],"about":[{"href":"https:\/\/www.bvvizela.pt\/site\/wp-json\/wp\/v2\/types\/post"}],"author":[{"embeddable":true,"href":"https:\/\/www.bvvizela.pt\/site\/wp-json\/wp\/v2\/users\/6"}],"replies":[{"embeddable":true,"href":"https:\/\/www.bvvizela.pt\/site\/wp-json\/wp\/v2\/comments?post=219"}],"version-history":[{"count":9,"href":"https:\/\/www.bvvizela.pt\/site\/wp-json\/wp\/v2\/posts\/219\/revisions"}],"predecessor-version":[{"id":1258,"href":"https:\/\/www.bvvizela.pt\/site\/wp-json\/wp\/v2\/posts\/219\/revisions\/1258"}],"wp:attachment":[{"href":"https:\/\/www.bvvizela.pt\/site\/wp-json\/wp\/v2\/media?parent=219"}],"wp:term":[{"taxonomy":"category","embeddable":true,"href":"https:\/\/www.bvvizela.pt\/site\/wp-json\/wp\/v2\/categories?post=219"},{"taxonomy":"post_tag","embeddable":true,"href":"https:\/\/www.bvvizela.pt\/site\/wp-json\/wp\/v2\/tags?post=219"}],"curies":[{"name":"wp","href":"https:\/\/api.w.org\/{rel}","templated":true}]}}