{"id":1923,"date":"2011-06-25T11:07:26","date_gmt":"2011-06-25T10:07:26","guid":{"rendered":"http:\/\/www.bvvizela.pt\/site\/?p=1923"},"modified":"2011-06-25T12:18:04","modified_gmt":"2011-06-25T11:18:04","slug":"bombeiros-de-vizela-combatem-incendio-em-vieira-do-minho","status":"publish","type":"post","link":"https:\/\/www.bvvizela.pt\/site\/bombeiros-de-vizela-combatem-incendio-em-vieira-do-minho\/","title":{"rendered":"Bombeiros de Vizela combatem inc\u00eandio em Vieira do Minho"},"content":{"rendered":"<p style=\"text-align: justify;\">Desde as 6:30 da manh\u00e3 de hoje, uma viatura dos bombeiros volunt\u00e1rios de Vizela, com 6 elementos, est\u00e1 em apoio aos bombeiros de Vieira do Minho no combate a um inc\u00eandio no lugar da Senhora da Lapa &#8211; Soutelo, respondendo a um pedido da autoridade distrital. Pelas 8:30 h\u00a0estavam envolvidos no combate a este inc\u00eandio, com duas frentes activas, \u00a031 bombeiros e 9 viaturas. Uma das 15 ocorr\u00eancias activas no pa\u00eds, das 86 j\u00e1 registadas hoje, num dia de calor que motiva a preocupa\u00e7\u00e3o das autoridades.<\/p>\n<p style=\"text-align: justify;\">Ontem, pelas 21:24 houve o alerta para um inc\u00eandio numa habita\u00e7\u00e3o, em Snato Adri\u00e3o, tendo-se deslocado imediatamente para o local uma viatura e 6 bombeiros, mas felizmente a ocorr\u00eancia resumiu-se a um quadro el\u00e9ctrico, n\u00e3o sendo necess\u00e1ria maior interven\u00e7\u00e3o.<\/p>\n","protected":false},"excerpt":{"rendered":"<p>Desde as 6:30 da manh\u00e3 de hoje, uma viatura dos bombeiros volunt\u00e1rios de Vizela, com 6 elementos, est\u00e1 em apoio aos bombeiros de Vieira do Minho no combate a um inc\u00eandio no lugar da Senhora da Lapa &#8211; Soutelo, respondendo<\/p>\n","protected":false},"author":6,"featured_media":0,"comment_status":"open","ping_status":"closed","sticky":false,"template":"","format":"standard","meta":{"ngg_post_thumbnail":0,"footnotes":""},"categories":[1],"tags":[],"class_list":["post-1923","post","type-post","status-publish","format-standard","hentry","category-noticias"],"_links":{"self":[{"href":"https:\/\/www.bvvizela.pt\/site\/wp-json\/wp\/v2\/posts\/1923","targetHints":{"allow":["GET"]}}],"collection":[{"href":"https:\/\/www.bvvizela.pt\/site\/wp-json\/wp\/v2\/posts"}],"about":[{"href":"https:\/\/www.bvvizela.pt\/site\/wp-json\/wp\/v2\/types\/post"}],"author":[{"embeddable":true,"href":"https:\/\/www.bvvizela.pt\/site\/wp-json\/wp\/v2\/users\/6"}],"replies":[{"embeddable":true,"href":"https:\/\/www.bvvizela.pt\/site\/wp-json\/wp\/v2\/comments?post=1923"}],"version-history":[{"count":4,"href":"https:\/\/www.bvvizela.pt\/site\/wp-json\/wp\/v2\/posts\/1923\/revisions"}],"predecessor-version":[{"id":1926,"href":"https:\/\/www.bvvizela.pt\/site\/wp-json\/wp\/v2\/posts\/1923\/revisions\/1926"}],"wp:attachment":[{"href":"https:\/\/www.bvvizela.pt\/site\/wp-json\/wp\/v2\/media?parent=1923"}],"wp:term":[{"taxonomy":"category","embeddable":true,"href":"https:\/\/www.bvvizela.pt\/site\/wp-json\/wp\/v2\/categories?post=1923"},{"taxonomy":"post_tag","embeddable":true,"href":"https:\/\/www.bvvizela.pt\/site\/wp-json\/wp\/v2\/tags?post=1923"}],"curies":[{"name":"wp","href":"https:\/\/api.w.org\/{rel}","templated":true}]}}