{"id":1917,"date":"2011-06-25T02:17:10","date_gmt":"2011-06-25T01:17:10","guid":{"rendered":"http:\/\/www.bvvizela.pt\/site\/?p=1917"},"modified":"2011-06-25T02:19:35","modified_gmt":"2011-06-25T01:19:35","slug":"temperaturas-altas-ate-2%c2%aa-feira-alerta-amarelo","status":"publish","type":"post","link":"https:\/\/www.bvvizela.pt\/site\/temperaturas-altas-ate-2%c2%aa-feira-alerta-amarelo\/","title":{"rendered":"Temperaturas altas at\u00e9 2\u00aa feira &#8211; Alerta amarelo"},"content":{"rendered":"<p style=\"text-align: justify;\">A Autoridade Nacional de Protec\u00e7\u00e3o Civil colocou todos os distritos de Portugal em alerta amarelo\u00a0&#8211; Calor intenso, at\u00e9\u00a0ao dia 27 de Junho.\u00a0 De acordo com o \u00edndice de risco de inc\u00eandio calculado pelo Instituto de Metereologia, todo o distrito de Braga estar\u00e1 em risco elevado a m\u00e1ximo. Temperaturas acima dos 30 graus, uma redu\u00e7\u00e3o substancial da humidade no ar e ventos que podem chegar aos 30 km\/h, podem criar as condi\u00e7\u00f5es ideias para a ocorr\u00eancia de fogos florestais. Nestas condi\u00e7\u00f5es, relembramos alguns\u00a0 cuidados a ter, sempre dentro do lema &#8220;Portugal sem fogos, depende de todos&#8221;:<\/p>\n<p><strong>Se for passear \u00e0 Floresta<br \/>\n<\/strong><\/p>\n<ul>\n<li>N\u00e3o deite f\u00f3sforos ou cigarros para o ch\u00e3o.<\/li>\n<li>N\u00e3o deite pela janela do autom\u00f3vel cinzas ou pontas de cigarro.<\/li>\n<li>Leve a refei\u00e7\u00e3o preparada.<\/li>\n<li>N\u00e3o acenda fogueiras. As fogueiras s\u00f3 podem ser feitas nos locais pr\u00f3prios, e com os seguintes cuidados especiais:\n<ul>\n<li>remova as folhas secas;<\/li>\n<li>ponha um c\u00edrculo de pedras em redor do fogo;<\/li>\n<li>molhe bem o local \u00e0 volta;<\/li>\n<li>mantenha por perto um recipiente com \u00e1gua;<\/li>\n<li>vigie-a atentamente;<\/li>\n<li>apague-a muito bem com \u00e1gua e terra;<\/li>\n<li>nunca fa\u00e7a fogueiras em dia de muito vento;<\/li>\n<li>n\u00e3o abandone na floresta nenhum lixo, incluindo garrafas de vidro.<\/li>\n<\/ul>\n<\/li>\n<\/ul>\n<p style=\"text-align: justify;\"><span><strong>Se avistar o in\u00edcio de um inc\u00eandio florestal, ligue de imediato para o 112 ou para os Bombeiros da \u00e1rea.<\/strong><\/span><\/p>\n<p><span style=\"font-size: small;\"><a href=\"http:\/\/www.bvvizela.pt\/site\/wp-content\/uploads\/logoportugalsemfogos.jpg\"><img loading=\"lazy\" decoding=\"async\" class=\"aligncenter size-medium wp-image-1919\" title=\"logoportugalsemfogos\" src=\"http:\/\/www.bvvizela.pt\/site\/wp-content\/uploads\/logoportugalsemfogos-300x51.jpg\" alt=\"\" width=\"300\" height=\"51\" srcset=\"https:\/\/www.bvvizela.pt\/site\/wp-content\/uploads\/logoportugalsemfogos-300x51.jpg 300w, https:\/\/www.bvvizela.pt\/site\/wp-content\/uploads\/logoportugalsemfogos.jpg 442w\" sizes=\"auto, (max-width: 300px) 100vw, 300px\" \/><\/a><\/span><\/p>\n","protected":false},"excerpt":{"rendered":"<p>A Autoridade Nacional de Protec\u00e7\u00e3o Civil colocou todos os distritos de Portugal em alerta amarelo\u00a0&#8211; Calor intenso, at\u00e9\u00a0ao dia 27 de Junho.\u00a0 De acordo com o \u00edndice de risco de inc\u00eandio calculado pelo Instituto de Metereologia, todo o distrito de<\/p>\n","protected":false},"author":6,"featured_media":0,"comment_status":"open","ping_status":"closed","sticky":false,"template":"","format":"standard","meta":{"ngg_post_thumbnail":0,"footnotes":""},"categories":[1],"tags":[],"class_list":["post-1917","post","type-post","status-publish","format-standard","hentry","category-noticias"],"_links":{"self":[{"href":"https:\/\/www.bvvizela.pt\/site\/wp-json\/wp\/v2\/posts\/1917","targetHints":{"allow":["GET"]}}],"collection":[{"href":"https:\/\/www.bvvizela.pt\/site\/wp-json\/wp\/v2\/posts"}],"about":[{"href":"https:\/\/www.bvvizela.pt\/site\/wp-json\/wp\/v2\/types\/post"}],"author":[{"embeddable":true,"href":"https:\/\/www.bvvizela.pt\/site\/wp-json\/wp\/v2\/users\/6"}],"replies":[{"embeddable":true,"href":"https:\/\/www.bvvizela.pt\/site\/wp-json\/wp\/v2\/comments?post=1917"}],"version-history":[{"count":3,"href":"https:\/\/www.bvvizela.pt\/site\/wp-json\/wp\/v2\/posts\/1917\/revisions"}],"predecessor-version":[{"id":1921,"href":"https:\/\/www.bvvizela.pt\/site\/wp-json\/wp\/v2\/posts\/1917\/revisions\/1921"}],"wp:attachment":[{"href":"https:\/\/www.bvvizela.pt\/site\/wp-json\/wp\/v2\/media?parent=1917"}],"wp:term":[{"taxonomy":"category","embeddable":true,"href":"https:\/\/www.bvvizela.pt\/site\/wp-json\/wp\/v2\/categories?post=1917"},{"taxonomy":"post_tag","embeddable":true,"href":"https:\/\/www.bvvizela.pt\/site\/wp-json\/wp\/v2\/tags?post=1917"}],"curies":[{"name":"wp","href":"https:\/\/api.w.org\/{rel}","templated":true}]}}