{"id":1910,"date":"2011-06-26T12:44:24","date_gmt":"2011-06-26T11:44:24","guid":{"rendered":"http:\/\/www.bvvizela.pt\/site\/?p=1910"},"modified":"2011-10-20T23:51:31","modified_gmt":"2011-10-20T22:51:31","slug":"proteja-a-sua-madeira-proteja-os-nossos-bombeiros","status":"publish","type":"post","link":"https:\/\/www.bvvizela.pt\/site\/proteja-a-sua-madeira-proteja-os-nossos-bombeiros\/","title":{"rendered":"&#8220;Proteja a sua madeira. Proteja os nossos bombeiros&#8221;"},"content":{"rendered":"<p style=\"text-align: justify;\">Pelo terceiro ano consecutivo, a CIN vai lan\u00e7ar uma campanha de apoio \u00e0s Associa\u00e7\u00f5es Humanit\u00e1rias de Bombeiros, atrav\u00e9s da angaria\u00e7\u00e3o de verbas para aquisi\u00e7\u00e3o de fire-shelters. De 21 de Junho a 21 de Setembro, por cada litro de produtos CIN woodtec vendido, 1 \u20ac ser\u00e1 utilizado para a compra\u00a0dos equipamentos, que posteriormente ser\u00e3o distribuidos \u00e0s associa\u00e7\u00f5es mais votadas.<\/p>\n<p style=\"text-align: justify;\">A ESCOLHA SER\u00c1 FEITA POR VOTA\u00c7\u00c3O, NO SITE <a href=\"http:\/\/www.woodtec.cin.pt\" target=\"_blank\" rel=\"noopener\"><strong>woodtec.cin.pt<\/strong><\/a>, PODENDO CADA PESSOA VOTAR UMA VEZ NA\u00a0ASSOCIA\u00c7\u00c3O QUE DESEJA QUE SEJA CONTEMPLADA.<\/p>\n<p style=\"text-align: justify;\">O ano passado a nossa Associa\u00e7\u00e3o esteve entre as mais votadas, recebendo 5 fire-shelters. Vamos repetir este ano. Vai ao site e vota!<\/p>\n<p style=\"text-align: justify;\">Esta campanha, resultado de um protocolo com a Liga dos Bombeiros Portugueses,\u00a0contempla tamb\u00e9m descontos de 30% para bombeiros em todos os produtos CIN, durante o per\u00edodo da campanha.<\/p>\n<p><a href=\"http:\/\/www.bvvizela.pt\/site\/wp-content\/uploads\/cin2.jpg\"><img loading=\"lazy\" decoding=\"async\" class=\"aligncenter size-medium wp-image-1912\" title=\"cin2\" src=\"http:\/\/www.bvvizela.pt\/site\/wp-content\/uploads\/cin2-300x95.jpg\" alt=\"\" width=\"415\" height=\"113\" \/><\/a><\/p>\n","protected":false},"excerpt":{"rendered":"<p>Pelo terceiro ano consecutivo, a CIN vai lan\u00e7ar uma campanha de apoio \u00e0s Associa\u00e7\u00f5es Humanit\u00e1rias de Bombeiros, atrav\u00e9s da angaria\u00e7\u00e3o de verbas para aquisi\u00e7\u00e3o de fire-shelters. De 21 de Junho a 21 de Setembro, por cada litro de produtos CIN<\/p>\n","protected":false},"author":6,"featured_media":0,"comment_status":"open","ping_status":"closed","sticky":false,"template":"","format":"standard","meta":{"ngg_post_thumbnail":0,"footnotes":""},"categories":[1],"tags":[],"class_list":["post-1910","post","type-post","status-publish","format-standard","hentry","category-noticias"],"_links":{"self":[{"href":"https:\/\/www.bvvizela.pt\/site\/wp-json\/wp\/v2\/posts\/1910","targetHints":{"allow":["GET"]}}],"collection":[{"href":"https:\/\/www.bvvizela.pt\/site\/wp-json\/wp\/v2\/posts"}],"about":[{"href":"https:\/\/www.bvvizela.pt\/site\/wp-json\/wp\/v2\/types\/post"}],"author":[{"embeddable":true,"href":"https:\/\/www.bvvizela.pt\/site\/wp-json\/wp\/v2\/users\/6"}],"replies":[{"embeddable":true,"href":"https:\/\/www.bvvizela.pt\/site\/wp-json\/wp\/v2\/comments?post=1910"}],"version-history":[{"count":8,"href":"https:\/\/www.bvvizela.pt\/site\/wp-json\/wp\/v2\/posts\/1910\/revisions"}],"predecessor-version":[{"id":2238,"href":"https:\/\/www.bvvizela.pt\/site\/wp-json\/wp\/v2\/posts\/1910\/revisions\/2238"}],"wp:attachment":[{"href":"https:\/\/www.bvvizela.pt\/site\/wp-json\/wp\/v2\/media?parent=1910"}],"wp:term":[{"taxonomy":"category","embeddable":true,"href":"https:\/\/www.bvvizela.pt\/site\/wp-json\/wp\/v2\/categories?post=1910"},{"taxonomy":"post_tag","embeddable":true,"href":"https:\/\/www.bvvizela.pt\/site\/wp-json\/wp\/v2\/tags?post=1910"}],"curies":[{"name":"wp","href":"https:\/\/api.w.org\/{rel}","templated":true}]}}