{"id":1904,"date":"2011-06-20T21:30:38","date_gmt":"2011-06-20T20:30:38","guid":{"rendered":"http:\/\/www.bvvizela.pt\/site\/?p=1904"},"modified":"2011-06-21T00:43:42","modified_gmt":"2011-06-20T23:43:42","slug":"incendio-em-mato-em-santa-eulalia","status":"publish","type":"post","link":"https:\/\/www.bvvizela.pt\/site\/incendio-em-mato-em-santa-eulalia\/","title":{"rendered":"Inc\u00eandio em mato, em Santa Eul\u00e1lia"},"content":{"rendered":"<p>Num dia em que a subida das temperaturas levou\u00a0ao aumento\u00a0do risco de inc\u00eandios florestais, os bombeiros de Vizela combateram um inc\u00eandio na freguesia de Santa Eul\u00e1lia, na rua do Cabreiro. O alerta foi dado \u00e0s 20:00 h, tendo-se deslocado para o local 2 viaturas (VRCI 02 e VRCI 03)\u00a0 e 10 bombeiros.<\/p>\n<p>Nos pr\u00f3ximos dias a previs\u00e3o \u00e9 de tempo quente, mas com temperaturas e risco de inc\u00eandio ainda moderado, que poder\u00e3o aumentar no pr\u00f3ximo fim de semana.<\/p>\n","protected":false},"excerpt":{"rendered":"<p>Num dia em que a subida das temperaturas levou\u00a0ao aumento\u00a0do risco de inc\u00eandios florestais, os bombeiros de Vizela combateram um inc\u00eandio na freguesia de Santa Eul\u00e1lia, na rua do Cabreiro. O alerta foi dado \u00e0s 20:00 h, tendo-se deslocado para<\/p>\n","protected":false},"author":3,"featured_media":0,"comment_status":"open","ping_status":"closed","sticky":false,"template":"","format":"standard","meta":{"ngg_post_thumbnail":0,"footnotes":""},"categories":[1],"tags":[],"class_list":["post-1904","post","type-post","status-publish","format-standard","hentry","category-noticias"],"_links":{"self":[{"href":"https:\/\/www.bvvizela.pt\/site\/wp-json\/wp\/v2\/posts\/1904","targetHints":{"allow":["GET"]}}],"collection":[{"href":"https:\/\/www.bvvizela.pt\/site\/wp-json\/wp\/v2\/posts"}],"about":[{"href":"https:\/\/www.bvvizela.pt\/site\/wp-json\/wp\/v2\/types\/post"}],"author":[{"embeddable":true,"href":"https:\/\/www.bvvizela.pt\/site\/wp-json\/wp\/v2\/users\/3"}],"replies":[{"embeddable":true,"href":"https:\/\/www.bvvizela.pt\/site\/wp-json\/wp\/v2\/comments?post=1904"}],"version-history":[{"count":1,"href":"https:\/\/www.bvvizela.pt\/site\/wp-json\/wp\/v2\/posts\/1904\/revisions"}],"predecessor-version":[{"id":1907,"href":"https:\/\/www.bvvizela.pt\/site\/wp-json\/wp\/v2\/posts\/1904\/revisions\/1907"}],"wp:attachment":[{"href":"https:\/\/www.bvvizela.pt\/site\/wp-json\/wp\/v2\/media?parent=1904"}],"wp:term":[{"taxonomy":"category","embeddable":true,"href":"https:\/\/www.bvvizela.pt\/site\/wp-json\/wp\/v2\/categories?post=1904"},{"taxonomy":"post_tag","embeddable":true,"href":"https:\/\/www.bvvizela.pt\/site\/wp-json\/wp\/v2\/tags?post=1904"}],"curies":[{"name":"wp","href":"https:\/\/api.w.org\/{rel}","templated":true}]}}