{"id":1896,"date":"2011-06-15T10:17:56","date_gmt":"2011-06-15T09:17:56","guid":{"rendered":"http:\/\/www.bvvizela.pt\/site\/?p=1896"},"modified":"2011-06-15T10:24:33","modified_gmt":"2011-06-15T09:24:33","slug":"tombola-dos-bombeiros-recolha-de-produtos","status":"publish","type":"post","link":"https:\/\/www.bvvizela.pt\/site\/tombola-dos-bombeiros-recolha-de-produtos\/","title":{"rendered":"T\u00f4mbola dos Bombeiros &#8211; Recolha de Produtos"},"content":{"rendered":"<p>Entre <strong>15 de Julho e 15 de Agosto<\/strong>, os Bombeiros de Vizela v\u00e3o realizar a sua tradicional t\u00f4mbola. Esta nova ac\u00e7\u00e3o de recolha de fundos, feita com muito esfor\u00e7o e trabalho de alguns, s\u00f3 ser\u00e1 poss\u00edvel com a comparticipa\u00e7\u00e3o das empresas com todos os produtos que nos possam oferecer. \u00c9 este trabalho que neste momento temos em curso, e para o qual pedimos a colabora\u00e7\u00e3o de todos.<\/p>\n<p>Abaixo, transcrevemos a comunica\u00e7\u00e3o do Presidente da Direc\u00e7\u00e3o, solicitando a colabora\u00e7\u00e3o de todos:<\/p>\n<h5 style=\"text-align: justify;\">Estimado concidad\u00e3o e Amigo<\/h5>\n<h5 style=\"text-align: justify;\">Antes de mais as nossas sauda\u00e7\u00f5es cordiais e amigas.<\/h5>\n<h5 style=\"text-align: justify;\">Permita-nos que o saudemos como come\u00e7amos, pois \u2013 como V. Ex.\u00aa bem sabe \u2013 exercemos a nossa fun\u00e7\u00e3o na base duma cidadania participada e cumprimos com a nossa miss\u00e3o em reg\u00edmen de voluntariado, procurando sempre: \u201cfazer o bem sem olhar a quem\u201d.<\/h5>\n<h5 style=\"text-align: justify;\">Estamos conscientes do momento dif\u00edcil que se atravessa, para todos sem excep\u00e7\u00e3o, mas sobretudo para aqueles que muito fazem sem cobrarem nada em troca pelos servi\u00e7os que prestam, como \u00e9 o nosso caso, acabando a Associa\u00e7\u00e3o que representamos por viver e sobreviver com o pouco que lhe pagam oficialmente e, sobretudo, com o que os nossos concidad\u00e3os d\u00e3o quando o pedimos. Exactamente, leu bem: pedimos! que \u00e9 qualquer coisa que ningu\u00e9m gosta e quer fazer e que nos provoca um travo amargo na boca s\u00f3 em pensar que temos de o fazer \u2026 afinal porque n\u00e3o pedimos nada para n\u00f3s, t\u00e3o s\u00f3 para os outros, quem sabe para si tamb\u00e9m, se um dia precisar.<\/h5>\n<h5 style=\"text-align: justify;\">Pedimos porque somos for\u00e7ados a faz\u00ea-lo: 1 \u2013 porque assumimos uma responsabilidade comunit\u00e1ria, embora volunt\u00e1ria, que queremos cumprir; 2 \u2013 porque a nossa Associa\u00e7\u00e3o precisa da sua ajuda, pois sem ela n\u00e3o tem condi\u00e7\u00f5es de fazer o que a sociedade lhe pede e exige, cada vez mais em cada dia que passa; 3 \u2013 porque queremos ser um exemplo para todos neste Ano Mundial do Voluntariado.<\/h5>\n<h5 style=\"text-align: justify;\">Com mais uma ac\u00e7\u00e3o de recolha de fundos, embora com muito esfor\u00e7o e trabalho de alguns, vamos levar a cabo a nossa T\u00d4MBOLA, entre 15 de Julho e 15 de Agosto, que s\u00f3 ser\u00e1 poss\u00edvel com a comparticipa\u00e7\u00e3o das empresas com todos os produtos que nos possam oferecer. D\u00eaem-nos aquilo que n\u00e3o vos fa\u00e7a falta, ou que tenham dificuldade em vender, pois para n\u00f3s funcionar\u00e1 como elemento catalisador e promocional da nossa actividade e da nossa ac\u00e7\u00e3o.<\/h5>\n<h5 style=\"text-align: justify;\">Sejam generosos e que Deus vos pague ao dobro relativamente ao que nos derem.<\/h5>\n<h5 style=\"text-align: justify;\">Com as nossas sauda\u00e7\u00f5es amigas<\/h5>\n<h5 style=\"text-align: justify;\">Jo\u00e3o Costa<\/h5>\n<h5 style=\"text-align: justify;\">Presidente da Direc\u00e7\u00e3o dos BVVizela<\/h5>\n","protected":false},"excerpt":{"rendered":"<p>Entre 15 de Julho e 15 de Agosto, os Bombeiros de Vizela v\u00e3o realizar a sua tradicional t\u00f4mbola. Esta nova ac\u00e7\u00e3o de recolha de fundos, feita com muito esfor\u00e7o e trabalho de alguns, s\u00f3 ser\u00e1 poss\u00edvel com a comparticipa\u00e7\u00e3o das<\/p>\n","protected":false},"author":3,"featured_media":0,"comment_status":"open","ping_status":"closed","sticky":false,"template":"","format":"standard","meta":{"ngg_post_thumbnail":0,"footnotes":""},"categories":[1],"tags":[],"class_list":["post-1896","post","type-post","status-publish","format-standard","hentry","category-noticias"],"_links":{"self":[{"href":"https:\/\/www.bvvizela.pt\/site\/wp-json\/wp\/v2\/posts\/1896","targetHints":{"allow":["GET"]}}],"collection":[{"href":"https:\/\/www.bvvizela.pt\/site\/wp-json\/wp\/v2\/posts"}],"about":[{"href":"https:\/\/www.bvvizela.pt\/site\/wp-json\/wp\/v2\/types\/post"}],"author":[{"embeddable":true,"href":"https:\/\/www.bvvizela.pt\/site\/wp-json\/wp\/v2\/users\/3"}],"replies":[{"embeddable":true,"href":"https:\/\/www.bvvizela.pt\/site\/wp-json\/wp\/v2\/comments?post=1896"}],"version-history":[{"count":7,"href":"https:\/\/www.bvvizela.pt\/site\/wp-json\/wp\/v2\/posts\/1896\/revisions"}],"predecessor-version":[{"id":1903,"href":"https:\/\/www.bvvizela.pt\/site\/wp-json\/wp\/v2\/posts\/1896\/revisions\/1903"}],"wp:attachment":[{"href":"https:\/\/www.bvvizela.pt\/site\/wp-json\/wp\/v2\/media?parent=1896"}],"wp:term":[{"taxonomy":"category","embeddable":true,"href":"https:\/\/www.bvvizela.pt\/site\/wp-json\/wp\/v2\/categories?post=1896"},{"taxonomy":"post_tag","embeddable":true,"href":"https:\/\/www.bvvizela.pt\/site\/wp-json\/wp\/v2\/tags?post=1896"}],"curies":[{"name":"wp","href":"https:\/\/api.w.org\/{rel}","templated":true}]}}