{"id":1887,"date":"2011-06-14T02:29:32","date_gmt":"2011-06-14T01:29:32","guid":{"rendered":"http:\/\/www.bvvizela.pt\/site\/?p=1887"},"modified":"2011-06-14T02:35:38","modified_gmt":"2011-06-14T01:35:38","slug":"equipa-ebecif-recebe-material-sapador","status":"publish","type":"post","link":"https:\/\/www.bvvizela.pt\/site\/equipa-ebecif-recebe-material-sapador\/","title":{"rendered":"Equipa EBECIF recebe material sapador"},"content":{"rendered":"<p style=\"text-align: justify;\">Por ocasi\u00e3o da apresenta\u00e7\u00e3o Plano Operacional Distrital de Combate a Inc\u00eandios Florestais, no Audit\u00f3rio dos Bombeiros Volunt\u00e1rios de Famalic\u00e3o, foi entregue material sapador \u00e0 equipa EBECIF (Equipa de Bombeiros Especial de Combate a Inc\u00eandios Florestais) dos Bombeiros Volunt\u00e1rios de Vizela, que recentemente terminou a sua\u00a0<a href=\"http:\/\/www.bvvizela.pt\/site\/bombeiros-de-vizela-fazem-especializacao\/\" target=\"_blank\">forma\u00e7\u00e3o<\/a>.\u00a0<\/p>\n<p style=\"text-align: justify;\">Este material foi oferta do Governo Civil de Braga.<\/p>\n<p style=\"text-align: justify;\"><a href=\"http:\/\/www.bvvizela.pt\/site\/wp-content\/uploads\/EBECIF_11p.jpg\"><img loading=\"lazy\" decoding=\"async\" class=\"alignleft size-medium wp-image-1888\" title=\"EBECIF_11p\" src=\"http:\/\/www.bvvizela.pt\/site\/wp-content\/uploads\/EBECIF_11p-300x282.jpg\" alt=\"\" width=\"300\" height=\"282\" srcset=\"https:\/\/www.bvvizela.pt\/site\/wp-content\/uploads\/EBECIF_11p-300x282.jpg 300w, https:\/\/www.bvvizela.pt\/site\/wp-content\/uploads\/EBECIF_11p.jpg 800w\" sizes=\"auto, (max-width: 300px) 100vw, 300px\" \/><\/a><\/p>\n<p style=\"text-align: justify;\">\u00a0<\/p>\n<p style=\"text-align: justify;\">\u00a0<\/p>\n<p style=\"text-align: justify;\">\u00a0<\/p>\n<p style=\"text-align: justify;\">\u00a0<\/p>\n<p style=\"text-align: justify;\">\u00a0<\/p>\n<p style=\"text-align: justify;\">\u00a0<\/p>\n<p style=\"text-align: justify;\">\u00a0<\/p>\n<p style=\"text-align: justify;\">\u00a0<\/p>\n<p>\u00a0<\/p>\n<p>Na foto de cima, os elementos constituintes da equipa dos Bombeiros de Vizela, junto ao Comandante e ao material oferecido.\u00a0\u00a0Em baixo, uma vis\u00e3o geral da cerim\u00f3nia de entrega do material.<\/p>\n<p style=\"text-align: justify;\"><a href=\"http:\/\/www.bvvizela.pt\/site\/wp-content\/uploads\/ebecif2.bmp\"><img loading=\"lazy\" decoding=\"async\" class=\"alignleft size-full wp-image-1889\" title=\"ebecif2\" src=\"http:\/\/www.bvvizela.pt\/site\/wp-content\/uploads\/ebecif2.bmp\" alt=\"\" width=\"374\" height=\"259\" \/><\/a><\/p>\n<p style=\"text-align: justify;\">\u00a0<\/p>\n<p style=\"text-align: justify;\">\u00a0<\/p>\n<p style=\"text-align: justify;\">\u00a0<\/p>\n<p style=\"text-align: justify;\">\u00a0<\/p>\n<p style=\"text-align: justify;\">\u00a0<\/p>\n<p style=\"text-align: justify;\">\u00a0<\/p>\n<p style=\"text-align: justify;\">\u00a0<\/p>\n<p style=\"text-align: justify;\">\u00a0<\/p>\n","protected":false},"excerpt":{"rendered":"<p>Por ocasi\u00e3o da apresenta\u00e7\u00e3o Plano Operacional Distrital de Combate a Inc\u00eandios Florestais, no Audit\u00f3rio dos Bombeiros Volunt\u00e1rios de Famalic\u00e3o, foi entregue material sapador \u00e0 equipa EBECIF (Equipa de Bombeiros Especial de Combate a Inc\u00eandios Florestais) dos Bombeiros Volunt\u00e1rios de Vizela,<\/p>\n","protected":false},"author":3,"featured_media":0,"comment_status":"open","ping_status":"closed","sticky":false,"template":"","format":"standard","meta":{"ngg_post_thumbnail":0,"footnotes":""},"categories":[1],"tags":[],"class_list":["post-1887","post","type-post","status-publish","format-standard","hentry","category-noticias"],"_links":{"self":[{"href":"https:\/\/www.bvvizela.pt\/site\/wp-json\/wp\/v2\/posts\/1887","targetHints":{"allow":["GET"]}}],"collection":[{"href":"https:\/\/www.bvvizela.pt\/site\/wp-json\/wp\/v2\/posts"}],"about":[{"href":"https:\/\/www.bvvizela.pt\/site\/wp-json\/wp\/v2\/types\/post"}],"author":[{"embeddable":true,"href":"https:\/\/www.bvvizela.pt\/site\/wp-json\/wp\/v2\/users\/3"}],"replies":[{"embeddable":true,"href":"https:\/\/www.bvvizela.pt\/site\/wp-json\/wp\/v2\/comments?post=1887"}],"version-history":[{"count":3,"href":"https:\/\/www.bvvizela.pt\/site\/wp-json\/wp\/v2\/posts\/1887\/revisions"}],"predecessor-version":[{"id":1891,"href":"https:\/\/www.bvvizela.pt\/site\/wp-json\/wp\/v2\/posts\/1887\/revisions\/1891"}],"wp:attachment":[{"href":"https:\/\/www.bvvizela.pt\/site\/wp-json\/wp\/v2\/media?parent=1887"}],"wp:term":[{"taxonomy":"category","embeddable":true,"href":"https:\/\/www.bvvizela.pt\/site\/wp-json\/wp\/v2\/categories?post=1887"},{"taxonomy":"post_tag","embeddable":true,"href":"https:\/\/www.bvvizela.pt\/site\/wp-json\/wp\/v2\/tags?post=1887"}],"curies":[{"name":"wp","href":"https:\/\/api.w.org\/{rel}","templated":true}]}}