{"id":1885,"date":"2011-06-09T18:02:56","date_gmt":"2011-06-09T17:02:56","guid":{"rendered":"http:\/\/www.bvvizela.pt\/site\/?p=1885"},"modified":"2011-06-09T18:02:56","modified_gmt":"2011-06-09T17:02:56","slug":"peditorios-anuais-em-sao-miguel-sao-martinho-do-conde-e-gandarela","status":"publish","type":"post","link":"https:\/\/www.bvvizela.pt\/site\/peditorios-anuais-em-sao-miguel-sao-martinho-do-conde-e-gandarela\/","title":{"rendered":"Pedit\u00f3rios Anuais em S\u00e3o Miguel, S\u00e3o Martinho do Conde e Gandarela"},"content":{"rendered":"<p>Os bombeiros de Vizela v\u00e3o levar a cabo\u00a0os pedit\u00f3rios anuais nas freguesias de\u00a0S\u00e3o Miguel &#8211; nos pr\u00f3ximos dias dias 10 e 11 &#8211;\u00a0e S\u00e3o Martinho do Conde e Gandarela &#8211; S\u00e1bado, dias\u00a011.<\/p>\n<p>Somos uma associa\u00e7\u00e3o de bombeiros volunt\u00e1rios e, nesta fun\u00e7\u00e3o, prestamos todos os servi\u00e7os sem quaisquer obriga\u00e7\u00f5es financeiras individuais, em fun\u00e7\u00e3o do servi\u00e7o prestado. Nesta condi\u00e7\u00e3o \u00e9, pois, perfeitamente normal que, periodicamente, recorramos \u00e0 popula\u00e7\u00e3o a solicitar a sua contribui\u00e7\u00e3o financeira ocasional, sempre de acordo com as suas possibilidades, a sua vontade em contribuir e a sua solidariedade social.<\/p>\n<p>Este pedit\u00f3rios s\u00e3o, juntamente com as quotiza\u00e7\u00f5es dos associados,\u00a0o instrumento financeiro mais importante que a Associa\u00e7\u00e3o tem, que lhe permite acorrer a todos os seus gastos de funcionamento e lhe garante a independ\u00eancia e o estatuto de Associa\u00e7\u00e3o.<\/p>\n<p><strong>A colabora\u00e7\u00e3o de todos \u00e9 importante.\u00a0O sucesso dos pedit\u00f3rios ser\u00e1 o sucesso de todos: da Associa\u00e7\u00e3o e de toda a popula\u00e7\u00e3o.<\/strong><\/p>\n<p>A Direc\u00e7\u00e3o<a href=\"http:\/\/www.bvvizela.pt\/site\/wp-content\/uploads\/Mapa_peq3.jpg\"><\/a><\/p>\n","protected":false},"excerpt":{"rendered":"<p>Os bombeiros de Vizela v\u00e3o levar a cabo\u00a0os pedit\u00f3rios anuais nas freguesias de\u00a0S\u00e3o Miguel &#8211; nos pr\u00f3ximos dias dias 10 e 11 &#8211;\u00a0e S\u00e3o Martinho do Conde e Gandarela &#8211; S\u00e1bado, dias\u00a011. Somos uma associa\u00e7\u00e3o de bombeiros volunt\u00e1rios e, nesta<\/p>\n","protected":false},"author":3,"featured_media":0,"comment_status":"open","ping_status":"closed","sticky":false,"template":"","format":"standard","meta":{"ngg_post_thumbnail":0,"footnotes":""},"categories":[1],"tags":[],"class_list":["post-1885","post","type-post","status-publish","format-standard","hentry","category-noticias"],"_links":{"self":[{"href":"https:\/\/www.bvvizela.pt\/site\/wp-json\/wp\/v2\/posts\/1885","targetHints":{"allow":["GET"]}}],"collection":[{"href":"https:\/\/www.bvvizela.pt\/site\/wp-json\/wp\/v2\/posts"}],"about":[{"href":"https:\/\/www.bvvizela.pt\/site\/wp-json\/wp\/v2\/types\/post"}],"author":[{"embeddable":true,"href":"https:\/\/www.bvvizela.pt\/site\/wp-json\/wp\/v2\/users\/3"}],"replies":[{"embeddable":true,"href":"https:\/\/www.bvvizela.pt\/site\/wp-json\/wp\/v2\/comments?post=1885"}],"version-history":[{"count":1,"href":"https:\/\/www.bvvizela.pt\/site\/wp-json\/wp\/v2\/posts\/1885\/revisions"}],"predecessor-version":[{"id":1886,"href":"https:\/\/www.bvvizela.pt\/site\/wp-json\/wp\/v2\/posts\/1885\/revisions\/1886"}],"wp:attachment":[{"href":"https:\/\/www.bvvizela.pt\/site\/wp-json\/wp\/v2\/media?parent=1885"}],"wp:term":[{"taxonomy":"category","embeddable":true,"href":"https:\/\/www.bvvizela.pt\/site\/wp-json\/wp\/v2\/categories?post=1885"},{"taxonomy":"post_tag","embeddable":true,"href":"https:\/\/www.bvvizela.pt\/site\/wp-json\/wp\/v2\/tags?post=1885"}],"curies":[{"name":"wp","href":"https:\/\/api.w.org\/{rel}","templated":true}]}}