{"id":1880,"date":"2011-06-07T09:50:59","date_gmt":"2011-06-07T08:50:59","guid":{"rendered":"http:\/\/www.bvvizela.pt\/site\/?p=1880"},"modified":"2011-06-07T09:55:37","modified_gmt":"2011-06-07T08:55:37","slug":"peditorio-em-santa-eulalia-agradecimento","status":"publish","type":"post","link":"https:\/\/www.bvvizela.pt\/site\/peditorio-em-santa-eulalia-agradecimento\/","title":{"rendered":"Pedit\u00f3rio em Santa Eul\u00e1lia &#8211; Agradecimento"},"content":{"rendered":"<p>A Direc\u00e7\u00e3o da Real Associa\u00e7\u00e3o Humanit\u00e1ria dos Bombeiros Volunt\u00e1rios de Vizela agradece reconhecida a disponibilidade, a colabora\u00e7\u00e3o e o envolvimento de todos (P\u00e1roco, Comiss\u00e3o de Freguesia, Bombeiros, Popula\u00e7\u00e3o em geral e Comunica\u00e7\u00e3o Social) na realiza\u00e7\u00e3o do pedit\u00f3rio efectuado nos passados dias\u00a04 e 5\u00a0de Junho, na Freguesia de <strong>Santa Eul\u00e1lia.<\/strong><\/p>\n<p>\u00a0<strong>\u00a0\u00a0\u00a0\u00a0 O apuro do referido pedit\u00f3rio totalizou\u00a04.711,15 euros.<\/strong><\/p>\n","protected":false},"excerpt":{"rendered":"<p>A Direc\u00e7\u00e3o da Real Associa\u00e7\u00e3o Humanit\u00e1ria dos Bombeiros Volunt\u00e1rios de Vizela agradece reconhecida a disponibilidade, a colabora\u00e7\u00e3o e o envolvimento de todos (P\u00e1roco, Comiss\u00e3o de Freguesia, Bombeiros, Popula\u00e7\u00e3o em geral e Comunica\u00e7\u00e3o Social) na realiza\u00e7\u00e3o do pedit\u00f3rio efectuado nos passados<\/p>\n","protected":false},"author":3,"featured_media":0,"comment_status":"open","ping_status":"closed","sticky":false,"template":"","format":"standard","meta":{"ngg_post_thumbnail":0,"footnotes":""},"categories":[1],"tags":[],"class_list":["post-1880","post","type-post","status-publish","format-standard","hentry","category-noticias"],"_links":{"self":[{"href":"https:\/\/www.bvvizela.pt\/site\/wp-json\/wp\/v2\/posts\/1880","targetHints":{"allow":["GET"]}}],"collection":[{"href":"https:\/\/www.bvvizela.pt\/site\/wp-json\/wp\/v2\/posts"}],"about":[{"href":"https:\/\/www.bvvizela.pt\/site\/wp-json\/wp\/v2\/types\/post"}],"author":[{"embeddable":true,"href":"https:\/\/www.bvvizela.pt\/site\/wp-json\/wp\/v2\/users\/3"}],"replies":[{"embeddable":true,"href":"https:\/\/www.bvvizela.pt\/site\/wp-json\/wp\/v2\/comments?post=1880"}],"version-history":[{"count":2,"href":"https:\/\/www.bvvizela.pt\/site\/wp-json\/wp\/v2\/posts\/1880\/revisions"}],"predecessor-version":[{"id":1884,"href":"https:\/\/www.bvvizela.pt\/site\/wp-json\/wp\/v2\/posts\/1880\/revisions\/1884"}],"wp:attachment":[{"href":"https:\/\/www.bvvizela.pt\/site\/wp-json\/wp\/v2\/media?parent=1880"}],"wp:term":[{"taxonomy":"category","embeddable":true,"href":"https:\/\/www.bvvizela.pt\/site\/wp-json\/wp\/v2\/categories?post=1880"},{"taxonomy":"post_tag","embeddable":true,"href":"https:\/\/www.bvvizela.pt\/site\/wp-json\/wp\/v2\/tags?post=1880"}],"curies":[{"name":"wp","href":"https:\/\/api.w.org\/{rel}","templated":true}]}}