{"id":1858,"date":"2011-06-01T09:18:06","date_gmt":"2011-06-01T08:18:06","guid":{"rendered":"http:\/\/www.bvvizela.pt\/site\/?p=1858"},"modified":"2011-06-01T10:06:15","modified_gmt":"2011-06-01T09:06:15","slug":"incendio-industrial-em-santo-adriao","status":"publish","type":"post","link":"https:\/\/www.bvvizela.pt\/site\/incendio-industrial-em-santo-adriao\/","title":{"rendered":"Inc\u00eandio Industrial em Santo Adri\u00e3o"},"content":{"rendered":"<p>Pelas 15 horas e 27 minutos de ontem, alerta para um inc\u00eandio industrial, na rua de Britelo, freguesia de Santo Adri\u00e3o. Acionado para o local o VRCI 01 com 4 elementos. J\u00e1 no local depararam-se com um inc\u00eandio numa conduta, informando que os meios no local eram suficientes. Esteve no local tamb\u00e9m o VCOT 01 com o comandante. As opera\u00e7\u00f5es terminaram pelas 16 horas 58 minutos.<\/p>\n","protected":false},"excerpt":{"rendered":"<p>Pelas 15 horas e 27 minutos de ontem, alerta para um inc\u00eandio industrial, na rua de Britelo, freguesia de Santo Adri\u00e3o. Acionado para o local o VRCI 01 com 4 elementos. J\u00e1 no local depararam-se com um inc\u00eandio numa conduta,<\/p>\n","protected":false},"author":6,"featured_media":0,"comment_status":"open","ping_status":"closed","sticky":false,"template":"","format":"standard","meta":{"ngg_post_thumbnail":0,"footnotes":""},"categories":[1],"tags":[],"class_list":["post-1858","post","type-post","status-publish","format-standard","hentry","category-noticias"],"_links":{"self":[{"href":"https:\/\/www.bvvizela.pt\/site\/wp-json\/wp\/v2\/posts\/1858","targetHints":{"allow":["GET"]}}],"collection":[{"href":"https:\/\/www.bvvizela.pt\/site\/wp-json\/wp\/v2\/posts"}],"about":[{"href":"https:\/\/www.bvvizela.pt\/site\/wp-json\/wp\/v2\/types\/post"}],"author":[{"embeddable":true,"href":"https:\/\/www.bvvizela.pt\/site\/wp-json\/wp\/v2\/users\/6"}],"replies":[{"embeddable":true,"href":"https:\/\/www.bvvizela.pt\/site\/wp-json\/wp\/v2\/comments?post=1858"}],"version-history":[{"count":4,"href":"https:\/\/www.bvvizela.pt\/site\/wp-json\/wp\/v2\/posts\/1858\/revisions"}],"predecessor-version":[{"id":1870,"href":"https:\/\/www.bvvizela.pt\/site\/wp-json\/wp\/v2\/posts\/1858\/revisions\/1870"}],"wp:attachment":[{"href":"https:\/\/www.bvvizela.pt\/site\/wp-json\/wp\/v2\/media?parent=1858"}],"wp:term":[{"taxonomy":"category","embeddable":true,"href":"https:\/\/www.bvvizela.pt\/site\/wp-json\/wp\/v2\/categories?post=1858"},{"taxonomy":"post_tag","embeddable":true,"href":"https:\/\/www.bvvizela.pt\/site\/wp-json\/wp\/v2\/tags?post=1858"}],"curies":[{"name":"wp","href":"https:\/\/api.w.org\/{rel}","templated":true}]}}