{"id":1848,"date":"2011-05-29T02:34:13","date_gmt":"2011-05-29T01:34:13","guid":{"rendered":"http:\/\/www.bvvizela.pt\/site\/?p=1848"},"modified":"2011-05-29T02:37:59","modified_gmt":"2011-05-29T01:37:59","slug":"nova-ambulancia-de-socorro-entra-ao-servico","status":"publish","type":"post","link":"https:\/\/www.bvvizela.pt\/site\/nova-ambulancia-de-socorro-entra-ao-servico\/","title":{"rendered":"Nova Ambul\u00e2ncia de Socorro entra ao servi\u00e7o"},"content":{"rendered":"<p style=\"text-align: justify;\">Depois de todo o processo de legaliza\u00e7\u00e3o, certifica\u00e7\u00e3o e forma\u00e7\u00e3o dos bombeiros, entrou ao servi\u00e7o a nova ambul\u00e2ncia de socorro ABSC 04.<br \/>\nEsta ambul\u00e2ncia tinha sido apresentada e benzida recentemente, no dia do anivers\u00e1rio da Associa\u00e7\u00e3o (ver fotos em anexo).<br \/>\n<strong>Recordamos que a sua aquisi\u00e7\u00e3o foi feita no \u00e2mbito da campanha &#8220;Ajude-nos hoje&#8230;pode precisar amanh\u00e3&#8221; a que a popula\u00e7\u00e3o, em geral, aderiu de uma forma muito significativa.<\/strong><\/p>\n<p style=\"text-align: justify;\">Esta noite, um acidente rodovi\u00e1rio, cerca das 23:30 h, em Santo Adri\u00e3o, provocou 4 feridos, tendo sido mobilizados para o socorro 3 ambul\u00e2ncias &#8211; incluindo a nova ABSC 04 &#8211; e 9 bombeiros. Posteriormente 3 bombeiros num ve\u00edculo ligeiro procederam a opera\u00e7\u00f5es de limpeza da via.<\/p>\n<p style=\"text-align: justify;\"><a href=\"http:\/\/www.bvvizela.pt\/site\/wp-content\/uploads\/IMG_0274.jpg\"><img loading=\"lazy\" decoding=\"async\" class=\"alignleft size-medium wp-image-1849\" title=\"absc04\" src=\"http:\/\/www.bvvizela.pt\/site\/wp-content\/uploads\/IMG_0274-300x200.jpg\" alt=\"\" width=\"300\" height=\"200\" srcset=\"https:\/\/www.bvvizela.pt\/site\/wp-content\/uploads\/IMG_0274-300x200.jpg 300w, https:\/\/www.bvvizela.pt\/site\/wp-content\/uploads\/IMG_0274.jpg 1024w\" sizes=\"auto, (max-width: 300px) 100vw, 300px\" \/><\/a><\/p>\n<p style=\"text-align: justify;\">\u00a0<\/p>\n<p style=\"text-align: justify;\">\u00a0<\/p>\n<p style=\"text-align: justify;\">\u00a0<\/p>\n<p style=\"text-align: justify;\">\u00a0<\/p>\n<p style=\"text-align: justify;\">\u00a0<\/p>\n<p style=\"text-align: justify;\">\u00a0<\/p>\n<p style=\"text-align: justify;\"><a href=\"http:\/\/www.bvvizela.pt\/site\/wp-content\/uploads\/IMG_0224.jpg\"><img loading=\"lazy\" decoding=\"async\" class=\"alignleft size-medium wp-image-1850\" title=\"IMG_0224\" src=\"http:\/\/www.bvvizela.pt\/site\/wp-content\/uploads\/IMG_0224-300x200.jpg\" alt=\"\" width=\"300\" height=\"200\" srcset=\"https:\/\/www.bvvizela.pt\/site\/wp-content\/uploads\/IMG_0224-300x200.jpg 300w, https:\/\/www.bvvizela.pt\/site\/wp-content\/uploads\/IMG_0224.jpg 1024w\" sizes=\"auto, (max-width: 300px) 100vw, 300px\" \/><\/a><\/p>\n<p style=\"text-align: justify;\">\u00a0<\/p>\n<p style=\"text-align: justify;\">\u00a0<\/p>\n<p style=\"text-align: justify;\">\u00a0<\/p>\n<p style=\"text-align: justify;\">\u00a0<\/p>\n<p style=\"text-align: justify;\">\u00a0<\/p>\n<p style=\"text-align: justify;\">\u00a0<\/p>\n<p style=\"text-align: justify;\"><a href=\"http:\/\/www.bvvizela.pt\/site\/wp-content\/uploads\/IMG_0203.jpg\"><img loading=\"lazy\" decoding=\"async\" class=\"alignleft size-medium wp-image-1851\" title=\"IMG_0203\" src=\"http:\/\/www.bvvizela.pt\/site\/wp-content\/uploads\/IMG_0203-300x200.jpg\" alt=\"\" width=\"300\" height=\"200\" srcset=\"https:\/\/www.bvvizela.pt\/site\/wp-content\/uploads\/IMG_0203-300x200.jpg 300w, https:\/\/www.bvvizela.pt\/site\/wp-content\/uploads\/IMG_0203.jpg 1024w\" sizes=\"auto, (max-width: 300px) 100vw, 300px\" \/><\/a><\/p>\n<p style=\"text-align: justify;\">\u00a0<\/p>\n<p style=\"text-align: justify;\">\u00a0<\/p>\n<p style=\"text-align: justify;\">\u00a0<\/p>\n<p style=\"text-align: justify;\">\u00a0<\/p>\n<p style=\"text-align: justify;\">\u00a0<\/p>\n<p style=\"text-align: justify;\">\u00a0<\/p>\n<p style=\"text-align: justify;\"><a href=\"http:\/\/www.bvvizela.pt\/site\/wp-content\/uploads\/IMG_0223.jpg\"><img loading=\"lazy\" decoding=\"async\" class=\"alignleft size-medium wp-image-1852\" title=\"IMG_0223\" src=\"http:\/\/www.bvvizela.pt\/site\/wp-content\/uploads\/IMG_0223-300x200.jpg\" alt=\"\" width=\"300\" height=\"200\" srcset=\"https:\/\/www.bvvizela.pt\/site\/wp-content\/uploads\/IMG_0223-300x200.jpg 300w, https:\/\/www.bvvizela.pt\/site\/wp-content\/uploads\/IMG_0223.jpg 1024w\" sizes=\"auto, (max-width: 300px) 100vw, 300px\" \/><\/a><\/p>\n<p style=\"text-align: justify;\">\u00a0<\/p>\n","protected":false},"excerpt":{"rendered":"<p>Depois de todo o processo de legaliza\u00e7\u00e3o, certifica\u00e7\u00e3o e forma\u00e7\u00e3o dos bombeiros, entrou ao servi\u00e7o a nova ambul\u00e2ncia de socorro ABSC 04. Esta ambul\u00e2ncia tinha sido apresentada e benzida recentemente, no dia do anivers\u00e1rio da Associa\u00e7\u00e3o (ver fotos em anexo).<\/p>\n","protected":false},"author":3,"featured_media":0,"comment_status":"open","ping_status":"closed","sticky":false,"template":"","format":"standard","meta":{"ngg_post_thumbnail":0,"footnotes":""},"categories":[1],"tags":[],"class_list":["post-1848","post","type-post","status-publish","format-standard","hentry","category-noticias"],"_links":{"self":[{"href":"https:\/\/www.bvvizela.pt\/site\/wp-json\/wp\/v2\/posts\/1848","targetHints":{"allow":["GET"]}}],"collection":[{"href":"https:\/\/www.bvvizela.pt\/site\/wp-json\/wp\/v2\/posts"}],"about":[{"href":"https:\/\/www.bvvizela.pt\/site\/wp-json\/wp\/v2\/types\/post"}],"author":[{"embeddable":true,"href":"https:\/\/www.bvvizela.pt\/site\/wp-json\/wp\/v2\/users\/3"}],"replies":[{"embeddable":true,"href":"https:\/\/www.bvvizela.pt\/site\/wp-json\/wp\/v2\/comments?post=1848"}],"version-history":[{"count":4,"href":"https:\/\/www.bvvizela.pt\/site\/wp-json\/wp\/v2\/posts\/1848\/revisions"}],"predecessor-version":[{"id":1855,"href":"https:\/\/www.bvvizela.pt\/site\/wp-json\/wp\/v2\/posts\/1848\/revisions\/1855"}],"wp:attachment":[{"href":"https:\/\/www.bvvizela.pt\/site\/wp-json\/wp\/v2\/media?parent=1848"}],"wp:term":[{"taxonomy":"category","embeddable":true,"href":"https:\/\/www.bvvizela.pt\/site\/wp-json\/wp\/v2\/categories?post=1848"},{"taxonomy":"post_tag","embeddable":true,"href":"https:\/\/www.bvvizela.pt\/site\/wp-json\/wp\/v2\/tags?post=1848"}],"curies":[{"name":"wp","href":"https:\/\/api.w.org\/{rel}","templated":true}]}}