{"id":1827,"date":"2011-05-15T20:00:57","date_gmt":"2011-05-15T19:00:57","guid":{"rendered":"http:\/\/www.bvvizela.pt\/site\/?p=1827"},"modified":"2011-05-16T02:25:12","modified_gmt":"2011-05-16T01:25:12","slug":"incendio-na-costa-da-serra-da-falperra-esta-circunscrito","status":"publish","type":"post","link":"https:\/\/www.bvvizela.pt\/site\/incendio-na-costa-da-serra-da-falperra-esta-circunscrito\/","title":{"rendered":"Inc\u00eandio na costa da serra da Falperra est\u00e1 controlado"},"content":{"rendered":"<p style=\"text-align: justify;\">Est\u00e1 controlado o inc\u00eandio que deflagrou na Serra da Falperra, entre Guimar\u00e3es e Braga.\u00a0 O fogo come\u00e7ou por volta das 10 da manh\u00e3 e no local estiveram 62 homens, apoiados por 20 ve\u00edculos e um helic\u00f3ptero heli-bombardeiro Kamov. <strong>Os bombeiros de Vizela continuam presentes no local\u00a0com uma viatura VRCI 02 e 5 homens<\/strong>, em apoio aos bombeiros volunt\u00e1rios das Taipas, solicitado pelo CDOS. O inc\u00eandio, em zona de mato e eucaliptal,\u00a0chegou a amea\u00e7ar a capela da Nossa Senhora da Falperra, embora n\u00e3o pondo em risco popula\u00e7\u00f5es.<\/p>\n<p style=\"text-align: justify;\">\u00a0<a href=\"http:\/\/www.bvvizela.pt\/site\/wp-content\/uploads\/Falperra.jpg\"><img loading=\"lazy\" decoding=\"async\" class=\"alignleft size-medium wp-image-1833\" title=\"Falperra\" src=\"http:\/\/www.bvvizela.pt\/site\/wp-content\/uploads\/Falperra-300x190.jpg\" alt=\"\" width=\"300\" height=\"190\" srcset=\"https:\/\/www.bvvizela.pt\/site\/wp-content\/uploads\/Falperra-300x190.jpg 300w, https:\/\/www.bvvizela.pt\/site\/wp-content\/uploads\/Falperra.jpg 720w\" sizes=\"auto, (max-width: 300px) 100vw, 300px\" \/><\/a><\/p>\n<p style=\"text-align: justify;\">\u00a0<\/p>\n","protected":false},"excerpt":{"rendered":"<p>Est\u00e1 controlado o inc\u00eandio que deflagrou na Serra da Falperra, entre Guimar\u00e3es e Braga.\u00a0 O fogo come\u00e7ou por volta das 10 da manh\u00e3 e no local estiveram 62 homens, apoiados por 20 ve\u00edculos e um helic\u00f3ptero heli-bombardeiro Kamov. Os bombeiros<\/p>\n","protected":false},"author":3,"featured_media":0,"comment_status":"open","ping_status":"closed","sticky":false,"template":"","format":"standard","meta":{"ngg_post_thumbnail":0,"footnotes":""},"categories":[1],"tags":[],"class_list":["post-1827","post","type-post","status-publish","format-standard","hentry","category-noticias"],"_links":{"self":[{"href":"https:\/\/www.bvvizela.pt\/site\/wp-json\/wp\/v2\/posts\/1827","targetHints":{"allow":["GET"]}}],"collection":[{"href":"https:\/\/www.bvvizela.pt\/site\/wp-json\/wp\/v2\/posts"}],"about":[{"href":"https:\/\/www.bvvizela.pt\/site\/wp-json\/wp\/v2\/types\/post"}],"author":[{"embeddable":true,"href":"https:\/\/www.bvvizela.pt\/site\/wp-json\/wp\/v2\/users\/3"}],"replies":[{"embeddable":true,"href":"https:\/\/www.bvvizela.pt\/site\/wp-json\/wp\/v2\/comments?post=1827"}],"version-history":[{"count":5,"href":"https:\/\/www.bvvizela.pt\/site\/wp-json\/wp\/v2\/posts\/1827\/revisions"}],"predecessor-version":[{"id":1834,"href":"https:\/\/www.bvvizela.pt\/site\/wp-json\/wp\/v2\/posts\/1827\/revisions\/1834"}],"wp:attachment":[{"href":"https:\/\/www.bvvizela.pt\/site\/wp-json\/wp\/v2\/media?parent=1827"}],"wp:term":[{"taxonomy":"category","embeddable":true,"href":"https:\/\/www.bvvizela.pt\/site\/wp-json\/wp\/v2\/categories?post=1827"},{"taxonomy":"post_tag","embeddable":true,"href":"https:\/\/www.bvvizela.pt\/site\/wp-json\/wp\/v2\/tags?post=1827"}],"curies":[{"name":"wp","href":"https:\/\/api.w.org\/{rel}","templated":true}]}}