{"id":1821,"date":"2011-05-15T12:57:11","date_gmt":"2011-05-15T11:57:11","guid":{"rendered":"http:\/\/www.bvvizela.pt\/site\/?p=1821"},"modified":"2011-05-15T13:01:56","modified_gmt":"2011-05-15T12:01:56","slug":"fase-bravo-de-combate-aos-incendios-florestais-arranca-no-proximo-domingo-fase-bravo-de-combate-aos-incendios-florestais-comeca-hoje","status":"publish","type":"post","link":"https:\/\/www.bvvizela.pt\/site\/fase-bravo-de-combate-aos-incendios-florestais-arranca-no-proximo-domingo-fase-bravo-de-combate-aos-incendios-florestais-comeca-hoje\/","title":{"rendered":"Fase Bravo de combate aos inc\u00eandios florestais come\u00e7a hoje"},"content":{"rendered":"<p style=\"text-align: justify;\">A Fase Bravo de combate aos inc\u00eandios florestais come\u00e7a este domingo. Esta, que \u00e9 a segunda fase mais cr\u00edtica do ano, prolonga-se at\u00e9 30 de Junho, e envolver\u00e1 o seguinte dispositivo, segundo informa\u00e7\u00e3o da Autoridade Nacional de Protec\u00e7\u00e3o civil:\u00a0<\/p>\n<p style=\"text-align: justify;\">&#8211; Combatentes &#8211; 6.438 (6.651 em 2010);<\/p>\n<p style=\"text-align: justify;\">&#8211; Ve\u00edculos &#8211; 1.476 (1.528 em 2010);<\/p>\n<p style=\"text-align: justify;\">&#8211; Meios A\u00e9reos &#8211; 24 (34 em 2010).<\/p>\n<p style=\"text-align: justify;\">Estes n\u00fameros mostram a diminui\u00e7\u00e3o dos meios em rela\u00e7\u00e3o ao ano passado. Integram esta fase bravo elementos v\u00e1rias equipas &#8211;\u00a0Grupo de Interven\u00e7\u00e3o, Protec\u00e7\u00e3o e Socorro da GNR (GIPS),\u00a0Servi\u00e7o de Protec\u00e7\u00e3o da Natureza e Ambiente (SEPNA),\u00a0Pol\u00edcia de Seguran\u00e7a Publica (PSP),\u00a0Autoridade Florestal Nacional (AFN),\u00a0Instituto de Conserva\u00e7\u00e3o da Natureza e Biodiversidade (ICNB) e\u00a0AFOCELCA, embora \u00a0o maior n\u00famero de elementos e for\u00e7a fundamental desta for\u00e7a continue a ser a dos Bombeiros (2411 elementos, mais 242 elementos das FEB \u2013 \u2018Canarinhos\u2019).<\/p>\n<p style=\"text-align: justify;\"><strong>Nesta fase, a nossa\u00a0corpora\u00e7\u00e3o n\u00e3o ter\u00e1 nenhuma equipa (ECIN) a integrar este dispositivo. Somente na pr\u00f3xima fase, a fase Charlie, estas equipas ser\u00e3o constitu\u00eddas.<\/strong><\/p>\n<p style=\"text-align: justify;\">Entretanto, e antecipando o &#8220;calend\u00e1rio oficial&#8221;, os bombeiros de vizela combateram ontem 2 fogos florestais, ambos em Tagilde. O primeiro em Outeiro de Fogo, envolveu 5 homens e uma viatura, tendo sido consumida uma \u00e1rea reduzida de mato e Eucalipto. J\u00e1 ao in\u00edcio da noite, na Cal\u00e7ada da Boavista, 9 bombeiros auxiliados por 2 viaturas, combateram novo inc\u00eandio florestal, durante cerca de 3 horas.\u00a0<\/p>\n<p style=\"text-align: justify;\">\u00a0<\/p>\n","protected":false},"excerpt":{"rendered":"<p>A Fase Bravo de combate aos inc\u00eandios florestais come\u00e7a este domingo. Esta, que \u00e9 a segunda fase mais cr\u00edtica do ano, prolonga-se at\u00e9 30 de Junho, e envolver\u00e1 o seguinte dispositivo, segundo informa\u00e7\u00e3o da Autoridade Nacional de Protec\u00e7\u00e3o civil:\u00a0 &#8211;<\/p>\n","protected":false},"author":3,"featured_media":0,"comment_status":"open","ping_status":"closed","sticky":false,"template":"","format":"standard","meta":{"ngg_post_thumbnail":0,"footnotes":""},"categories":[1],"tags":[],"class_list":["post-1821","post","type-post","status-publish","format-standard","hentry","category-noticias"],"_links":{"self":[{"href":"https:\/\/www.bvvizela.pt\/site\/wp-json\/wp\/v2\/posts\/1821","targetHints":{"allow":["GET"]}}],"collection":[{"href":"https:\/\/www.bvvizela.pt\/site\/wp-json\/wp\/v2\/posts"}],"about":[{"href":"https:\/\/www.bvvizela.pt\/site\/wp-json\/wp\/v2\/types\/post"}],"author":[{"embeddable":true,"href":"https:\/\/www.bvvizela.pt\/site\/wp-json\/wp\/v2\/users\/3"}],"replies":[{"embeddable":true,"href":"https:\/\/www.bvvizela.pt\/site\/wp-json\/wp\/v2\/comments?post=1821"}],"version-history":[{"count":5,"href":"https:\/\/www.bvvizela.pt\/site\/wp-json\/wp\/v2\/posts\/1821\/revisions"}],"predecessor-version":[{"id":1826,"href":"https:\/\/www.bvvizela.pt\/site\/wp-json\/wp\/v2\/posts\/1821\/revisions\/1826"}],"wp:attachment":[{"href":"https:\/\/www.bvvizela.pt\/site\/wp-json\/wp\/v2\/media?parent=1821"}],"wp:term":[{"taxonomy":"category","embeddable":true,"href":"https:\/\/www.bvvizela.pt\/site\/wp-json\/wp\/v2\/categories?post=1821"},{"taxonomy":"post_tag","embeddable":true,"href":"https:\/\/www.bvvizela.pt\/site\/wp-json\/wp\/v2\/tags?post=1821"}],"curies":[{"name":"wp","href":"https:\/\/api.w.org\/{rel}","templated":true}]}}