{"id":1813,"date":"2011-05-11T23:30:16","date_gmt":"2011-05-11T22:30:16","guid":{"rendered":"http:\/\/www.bvvizela.pt\/site\/?p=1813"},"modified":"2025-01-19T10:03:24","modified_gmt":"2025-01-19T10:03:24","slug":"ministerio-da-saude-e-liga-dos-bombeiros-portugueses-lbp-assinaram-esta-quarta-feira-acordo-relativo-ao-regulamento-do-transporte-de-doentes-nao-urgentes","status":"publish","type":"post","link":"https:\/\/www.bvvizela.pt\/site\/ministerio-da-saude-e-liga-dos-bombeiros-portugueses-lbp-assinaram-esta-quarta-feira-acordo-relativo-ao-regulamento-do-transporte-de-doentes-nao-urgentes\/","title":{"rendered":"Minist\u00e9rio da Sa\u00fade e Liga dos Bombeiros Portugueses (LBP) assinaram esta quarta-feira acordo relativo ao regulamento do transporte de doentes n\u00e3o urgentes"},"content":{"rendered":"<p>O\u00a0Minist\u00e9rio da Sa\u00fade e\u00a0a\u00a0Liga dos Bombeiros Portugueses\u00a0(LBP), representada pelo presidente do seu conselho executivo,\u00a0Duarte Caldeira, representado pelo secret\u00e1rio Estado da Sa\u00fade, \u00d3scar Gaspar, assinaram hoje no\u00a0Minist\u00e9rio da Sa\u00fade\u00a0o acordo relativo ao novo \u201cRegulamento Geral de Acesso ao Transporte n\u00e3o Urgente no \u00c2mbito do Servi\u00e7o Nacional de Sa\u00fade\u201d.<\/p>\n<p>Nos termos do documento, o direito ao transporte gratuito s\u00f3 ser\u00e1 poss\u00edvel com justifica\u00e7\u00e3o cl\u00ednica \u2013 uma quest\u00e3o que j\u00e1 estava prevista na actual legisla\u00e7\u00e3o\u00a0&#8211; e em 15 situa\u00e7\u00f5es listadas (entre outras,\u00a0\u00a0patologias do foro psiqui\u00e1trico, doen\u00e7as do foro oncol\u00f3gico, perturba\u00e7\u00f5es visuais graves,\u00a0gravidez de risco, est.)<\/p>\n<p>Se o doente n\u00e3o tiver nenhuma das situa\u00e7\u00f5es que constam na lista, aplicar-se-\u00e1 a chamada prova de insufici\u00eancia econ\u00f3mica, que ser\u00e1 calculada com base no rendimento per capita do agregado familiar a dividir pelo n\u00famero de pessoas do agregado. E ser\u00e1 assim determinado se o servi\u00e7o \u00e9 gratuito ou pago pelo doente.<\/p>\n<p>Este acordo vem, em princ\u00edpio, por fim a uma situa\u00e7\u00e3o de instabilidade criada pela publica\u00e7\u00e3o do diploma legal de Dezembro, que levou a grandes indefini\u00e7\u00f5es e perturba\u00e7\u00f5es nos servi\u00e7os em muitas corpora\u00e7\u00f5es de Bombeiros.<\/p>\n<p>Na nossa Associa\u00e7\u00e3o, procurou-se manter sempre o n\u00edvel dos servi\u00e7os, n\u00e3o tomando medidas de redu\u00e7\u00e3o de recursos que perturbassem ou pusessem em causa os tratamentos dos nossos utentes. <strong>Prova disso, a aquisi\u00e7\u00e3o de uma nova ambul\u00e2ncia de transporte de doentes (ABTM), apresentada no passado Domingo,\u00a0que permitir\u00e1 melhorar\u00a0e adequar \u00e0s exig\u00eancias o servi\u00e7o prestado.<\/strong>\u00a0<\/p>\n<p><a href=\"http:\/\/www.bvvizela.pt\/site\/wp-content\/uploads\/IMG_0281.jpg\"><img loading=\"lazy\" decoding=\"async\" class=\"alignleft size-medium wp-image-1814\" title=\"IMG_0281\" src=\"http:\/\/www.bvvizela.pt\/site\/wp-content\/uploads\/IMG_0281-300x200.jpg\" alt=\"\" width=\"300\" height=\"200\" srcset=\"https:\/\/www.bvvizela.pt\/site\/wp-content\/uploads\/IMG_0281-300x200.jpg 300w, https:\/\/www.bvvizela.pt\/site\/wp-content\/uploads\/IMG_0281.jpg 1024w\" sizes=\"auto, (max-width: 300px) 100vw, 300px\" \/><\/a><\/p>\n<p>Check this: <a href=\"https:\/\/www.bvvizela.pt\/site\/?p=6857\">Aristocort<\/a><\/p>\n","protected":false},"excerpt":{"rendered":"<p>O\u00a0Minist\u00e9rio da Sa\u00fade e\u00a0a\u00a0Liga dos Bombeiros Portugueses\u00a0(LBP), representada pelo presidente do seu conselho executivo,\u00a0Duarte Caldeira, representado pelo secret\u00e1rio Estado da Sa\u00fade, \u00d3scar Gaspar, assinaram hoje no\u00a0Minist\u00e9rio da Sa\u00fade\u00a0o acordo relativo ao novo \u201cRegulamento Geral de Acesso ao Transporte n\u00e3o Urgente<\/p>\n","protected":false},"author":3,"featured_media":0,"comment_status":"open","ping_status":"closed","sticky":false,"template":"","format":"standard","meta":{"ngg_post_thumbnail":0,"footnotes":""},"categories":[1],"tags":[],"class_list":["post-1813","post","type-post","status-publish","format-standard","hentry","category-noticias"],"_links":{"self":[{"href":"https:\/\/www.bvvizela.pt\/site\/wp-json\/wp\/v2\/posts\/1813","targetHints":{"allow":["GET"]}}],"collection":[{"href":"https:\/\/www.bvvizela.pt\/site\/wp-json\/wp\/v2\/posts"}],"about":[{"href":"https:\/\/www.bvvizela.pt\/site\/wp-json\/wp\/v2\/types\/post"}],"author":[{"embeddable":true,"href":"https:\/\/www.bvvizela.pt\/site\/wp-json\/wp\/v2\/users\/3"}],"replies":[{"embeddable":true,"href":"https:\/\/www.bvvizela.pt\/site\/wp-json\/wp\/v2\/comments?post=1813"}],"version-history":[{"count":5,"href":"https:\/\/www.bvvizela.pt\/site\/wp-json\/wp\/v2\/posts\/1813\/revisions"}],"predecessor-version":[{"id":6886,"href":"https:\/\/www.bvvizela.pt\/site\/wp-json\/wp\/v2\/posts\/1813\/revisions\/6886"}],"wp:attachment":[{"href":"https:\/\/www.bvvizela.pt\/site\/wp-json\/wp\/v2\/media?parent=1813"}],"wp:term":[{"taxonomy":"category","embeddable":true,"href":"https:\/\/www.bvvizela.pt\/site\/wp-json\/wp\/v2\/categories?post=1813"},{"taxonomy":"post_tag","embeddable":true,"href":"https:\/\/www.bvvizela.pt\/site\/wp-json\/wp\/v2\/tags?post=1813"}],"curies":[{"name":"wp","href":"https:\/\/api.w.org\/{rel}","templated":true}]}}