{"id":1799,"date":"2011-05-10T22:05:24","date_gmt":"2011-05-10T21:05:24","guid":{"rendered":"http:\/\/www.bvvizela.pt\/site\/?p=1799"},"modified":"2011-05-10T22:45:33","modified_gmt":"2011-05-10T21:45:33","slug":"palavras-do-presidente-da-direccao-na-sessao-solene-do-134%c2%ba-aniversario","status":"publish","type":"post","link":"https:\/\/www.bvvizela.pt\/site\/palavras-do-presidente-da-direccao-na-sessao-solene-do-134%c2%ba-aniversario\/","title":{"rendered":"Mensagem do Presidente da Direc\u00e7\u00e3o na Sess\u00e3o Solene do 134\u00ba Anivers\u00e1rio"},"content":{"rendered":"<p style=\"text-align: justify;\">No seu discurso na sess\u00e3o solene, o Presidente da Direc\u00e7\u00e3o real\u00e7ou a colabora\u00e7\u00e3o da popula\u00e7\u00e3o em geral e das entidades oficiais, para manuten\u00e7\u00e3o do bom funcionamento da Associa\u00e7\u00e3o no dia a dia e para os investimentos que tem levado a cabo. Agradecimento especial aos Bombeiros, &#8220;raz\u00e3o da exist\u00eancia desta Associa\u00e7\u00e3o&#8221;, e\u00a0ao novo\u00a0s\u00f3cio Benem\u00e9rito, Sr. Albino Sim\u00f5es.\u00a0<\/p>\n<p style=\"text-align: justify;\">Leia aqui o discurso, na \u00edntegra:<\/p>\n<p style=\"text-align: justify;\">&#8220;Celebramos hoje o 134.\u00ba Anivers\u00e1rio desta Associa\u00e7\u00e3o.<\/p>\n<p style=\"text-align: justify;\">Fazemo-lo de uma forma muito discreta, sem grande ru\u00eddo nos <em>media<\/em>, sem grandes movimenta\u00e7\u00f5es de convidados, sem grande alvoro\u00e7o social, apenas porque passamos uma data interm\u00e9dia no nosso calend\u00e1rio e porque \u2013 como deve acontecer ao momento com toda a gente conhecedora e respons\u00e1vel \u2013 sentimos claramente o momento dif\u00edcil que vivemos, o momento dif\u00edcil que Portugal atravessa, o momento de grande press\u00e3o e r\u00e1pidas mudan\u00e7as porque todo o mundo est\u00e1 passando.<\/p>\n<p style=\"text-align: justify;\">Actualmente, as pessoas anda muito nervosas, porque as exig\u00eancias que se lhes colocam alteraram consideravelmente o seu <em>modus vivendi<\/em> e o seu <em>modus faciendi<\/em> das coisas, mas \u00e9 aqui que na realidade reside o nosso problema; hoje temos de fazer mais e muito melhor as coisas do que faz\u00edamos ontem, pois s\u00f3 dessa forma retomaremos a estabilidade emocional, a estabilidade financeira e a estabilidade temporal.<\/p>\n<p style=\"text-align: justify;\">\u00a0Aqui nos bombeiros de Vizela, procuramos fazer tudo com os p\u00e9s assentes na terra, planeando bem o que temos a fazer e perseguindo denodadamente os objectivos tra\u00e7ados, no sentido de conseguirmos bons resultados. Aliado a tudo isto, incentivamos empenhadamente todos aqueles que s\u00e3o a raz\u00e3o da exist\u00eancia desta Associa\u00e7\u00e3o \u2013 os nossos BOMBEIROS, que tudo fazem sem vaidade, sem procura de notoriedade, mas que no socorro volunt\u00e1rio s\u00e3o sempre os primeiros.<\/p>\n<p style=\"text-align: justify;\">\u00c9 para eles que v\u00e3o as nossas felicita\u00e7\u00f5es, com especial \u00eanfase para todos os que hoje foram medalhados e condecorados.<\/p>\n<p style=\"text-align: justify;\">\u00a0Mas, afinal, se somos uma Associa\u00e7\u00e3o de Bombeiros Volunt\u00e1rios, sem cobran\u00e7as directas aos nossos utentes, donde v\u00eam os recursos financeiros precisos para as necessidades do dia a dia, para a manuten\u00e7\u00e3o continuada do bom funcionamento das coisas e para os novos investimentos que temos a fazer?<\/p>\n<p style=\"text-align: justify;\">Eu respondo-vos:<\/p>\n<p style=\"text-align: justify;\">1\/ Em primeiro lugar, de toda a popula\u00e7\u00e3o em geral;<\/p>\n<p style=\"text-align: justify;\">2\/ Em segundo, das entidades oficiais \u2013 governo e autarquia,<\/p>\n<p style=\"text-align: justify;\">3\/ Em terceiro, do ressarcimento oficial de alguns servi\u00e7os p\u00fablicos sociais que prestamos.<\/p>\n<p style=\"text-align: justify;\">\u00a0Naturalmente, pela nossa fun\u00e7\u00e3o e condi\u00e7\u00e3o, nada dev\u00edamos pedir, pois para al\u00e9m de prestarmos um servi\u00e7o p\u00fablico, do qual individualmente nada recebermos em troca, a n\u00e3o ser a satisfa\u00e7\u00e3o interior do dever cumprido, somos uma for\u00e7a que permanentemente substitui quem de direito num dos primeiros princ\u00edpios constitucionais, que \u00e9 o direito assistencial e a protec\u00e7\u00e3o individual e colectiva nas calamidades individuais e p\u00fablicas.<\/p>\n<p style=\"text-align: justify;\">Infelizmente, a necessidade obriga a que andemos com o saco na m\u00e3o, e que o fa\u00e7amos permanentemente, sabe Deus com que sacrif\u00edcio, paci\u00eancia e abnega\u00e7\u00e3o, sempre acabando por receber da popula\u00e7\u00e3o que servimos o contributo fundamental e basilar \u00e0 nossa subsist\u00eancia. O exemplo est\u00e1 \u00e0 vista, em 2 das viaturas que hoje inauguramos. Obrigado a todos; continuem assim e que nunca se arrependam, pois acreditem que \u00e9 muito mais penoso para n\u00f3s pedir do que \u2013 para a maior parte das pessoas \u2013 dar.<\/p>\n<p style=\"text-align: justify;\">\u00a0Contudo, no meio de uma grande multid\u00e3o an\u00f3nima, n\u00e3o podemos deixar de destacar algumas pessoas e\/ou empresa que grandemente se diferenciam do cidad\u00e3o comum, em que o seu contributo em generosidade at\u00e9 pode ser igual, mas nominalmente sempre se traduz num factor altamente diferenciador para quem recebe. Destacamos neste caso particular, o homenageado de hoje: o Sr. Albino Sim\u00f5es, a quem estamos imensamente gratos pela seu altru\u00edsmo, pela sua generosidade e pelo seu contributo. Bem-haja Sr. Albino Sim\u00f5es.<\/p>\n<p style=\"text-align: justify;\">Outras pessoas iremos destacar oportunamente, tamb\u00e9m, as quais de alguma forma se diferenciam das demais nas suas contribui\u00e7\u00f5es.<\/p>\n<p style=\"text-align: justify;\">\u00a0Relativamente aos segundos, em que inclu\u00edmos: a ANPC, o INEM e a Autarquia Vizelense, embora seja uma obriga\u00e7\u00e3o permanente a sua contribui\u00e7\u00e3o, n\u00e3o podemos deixar de agradecer as dota\u00e7\u00f5es que nos t\u00eam feito; hoje, em especial, \u00e0 ANPC, na pessoa do seu representante Sr. Comandante Distrital \u2013 Herc\u00edlio Campos, pela entrega do Carro Urbano de Inc\u00eandio inaugurado mas, muito particularmente, \u00e0 Autarquia Vizelense, aqui representada pelo Sr. Presidente da C\u00e2mara \u2013 Dinis Costa, pelo Sr. Vereador da Protec\u00e7\u00e3o Civil \u2013 Alberto Machado e por mais alguns vereadores, a quem endere\u00e7amos as nossas sauda\u00e7\u00f5es amigas e penhoradamente agradecemos a sua presen\u00e7a.<\/p>\n<p style=\"text-align: justify;\">Temos tido e mantido uma rela\u00e7\u00e3o institucional e pessoal franca, aberta, construtiva e solid\u00e1ria com todos e, embora os constrangimentos conjunturais e financeiros do momento, acreditamos que os nossos pedidos e os nossos direitos v\u00e3o continuar a ser atendidos. Sabem que nada pedimos em exagero e tudo o que fazemos \u00e9 sempre devidamente planificado. Como acordado, contamos com as importantes contribui\u00e7\u00f5es: quer para os equipamentos individuais, hoje em parte j\u00e1 expostos, quer para os 20% do custo das 2 ambul\u00e2ncias inauguradas. Desde j\u00e1 o nosso obrigado.<\/p>\n<p style=\"text-align: justify;\">Por \u00faltimo, reiteramos:<\/p>\n<p style=\"text-align: justify;\">1\/ as nossa felicita\u00e7\u00f5es a todos os condecorados e homenageados,<\/p>\n<p style=\"text-align: justify;\">2\/ o nosso agradecimento a todos os p\u00e1rocos, comiss\u00f5es de freguesia, popula\u00e7\u00e3o em geral, benem\u00e9ritos, bombeiros e comunica\u00e7\u00e3o social.<\/p>\n<p style=\"text-align: justify;\">Afinal, o melhor argumento e a raz\u00e3o mais convincente para dar raz\u00e3o \u00e0s palavras \u00e9 o exemplo de vida: sigamos, pois, o exemplo dos nossos bombeiros.<\/p>\n<p style=\"text-align: justify;\">Parab\u00e9ns \u00e0 Associa\u00e7\u00e3o!<\/p>\n<p style=\"text-align: justify;\">Parab\u00e9ns a todos!&#8221;<\/p>\n<p style=\"text-align: justify;\">Jo\u00e3o Il\u00eddio Monteiro da Costa, Presidente da Direc\u00e7\u00e3o<\/p>\n<p style=\"text-align: justify;\">.<a href=\"http:\/\/www.bvvizela.pt\/site\/wp-content\/uploads\/IMG_0260.jpg\"><img loading=\"lazy\" decoding=\"async\" class=\"alignleft size-medium wp-image-1800\" title=\"IMG_0260\" src=\"http:\/\/www.bvvizela.pt\/site\/wp-content\/uploads\/IMG_0260-300x200.jpg\" alt=\"\" width=\"300\" height=\"200\" srcset=\"https:\/\/www.bvvizela.pt\/site\/wp-content\/uploads\/IMG_0260-300x200.jpg 300w, https:\/\/www.bvvizela.pt\/site\/wp-content\/uploads\/IMG_0260.jpg 1024w\" sizes=\"auto, (max-width: 300px) 100vw, 300px\" \/><\/a><\/p>\n<p style=\"text-align: justify;\">\u00a0<\/p>\n","protected":false},"excerpt":{"rendered":"<p>No seu discurso na sess\u00e3o solene, o Presidente da Direc\u00e7\u00e3o real\u00e7ou a colabora\u00e7\u00e3o da popula\u00e7\u00e3o em geral e das entidades oficiais, para manuten\u00e7\u00e3o do bom funcionamento da Associa\u00e7\u00e3o no dia a dia e para os investimentos que tem levado a<\/p>\n","protected":false},"author":3,"featured_media":0,"comment_status":"open","ping_status":"closed","sticky":false,"template":"","format":"standard","meta":{"ngg_post_thumbnail":0,"footnotes":""},"categories":[1],"tags":[],"class_list":["post-1799","post","type-post","status-publish","format-standard","hentry","category-noticias"],"_links":{"self":[{"href":"https:\/\/www.bvvizela.pt\/site\/wp-json\/wp\/v2\/posts\/1799","targetHints":{"allow":["GET"]}}],"collection":[{"href":"https:\/\/www.bvvizela.pt\/site\/wp-json\/wp\/v2\/posts"}],"about":[{"href":"https:\/\/www.bvvizela.pt\/site\/wp-json\/wp\/v2\/types\/post"}],"author":[{"embeddable":true,"href":"https:\/\/www.bvvizela.pt\/site\/wp-json\/wp\/v2\/users\/3"}],"replies":[{"embeddable":true,"href":"https:\/\/www.bvvizela.pt\/site\/wp-json\/wp\/v2\/comments?post=1799"}],"version-history":[{"count":5,"href":"https:\/\/www.bvvizela.pt\/site\/wp-json\/wp\/v2\/posts\/1799\/revisions"}],"predecessor-version":[{"id":1803,"href":"https:\/\/www.bvvizela.pt\/site\/wp-json\/wp\/v2\/posts\/1799\/revisions\/1803"}],"wp:attachment":[{"href":"https:\/\/www.bvvizela.pt\/site\/wp-json\/wp\/v2\/media?parent=1799"}],"wp:term":[{"taxonomy":"category","embeddable":true,"href":"https:\/\/www.bvvizela.pt\/site\/wp-json\/wp\/v2\/categories?post=1799"},{"taxonomy":"post_tag","embeddable":true,"href":"https:\/\/www.bvvizela.pt\/site\/wp-json\/wp\/v2\/tags?post=1799"}],"curies":[{"name":"wp","href":"https:\/\/api.w.org\/{rel}","templated":true}]}}