{"id":1788,"date":"2011-05-09T23:43:46","date_gmt":"2011-05-09T22:43:46","guid":{"rendered":"http:\/\/www.bvvizela.pt\/site\/?p=1788"},"modified":"2011-05-10T00:18:52","modified_gmt":"2011-05-09T23:18:52","slug":"134%c2%ba-aniversario","status":"publish","type":"post","link":"https:\/\/www.bvvizela.pt\/site\/134%c2%ba-aniversario\/","title":{"rendered":"134\u00ba Anivers\u00e1rio"},"content":{"rendered":"<p>Veja ou reveja algumas das imagens marcantes do nosso anivers\u00e1rio, este Domingo, dia 8 de Maio:<\/p>\n<ul>\n<li>O Hastear das bandeiras e\u00a0a romagem aos cemit\u00e9rios de S\u00e3o Miguel e S\u00e3o Jo\u00e3o<\/li>\n<li>A imposi\u00e7\u00e3o de medalhas aos bombeiros<\/li>\n<li>A ben\u00e7\u00e3o das tr\u00eas novas viaturas<\/li>\n<li>A sess\u00e3o solene e a homengem ao novo s\u00f3cio benem\u00e9rito, Sr. Albino Sim\u00f5es<\/li>\n<\/ul>\nngg_shortcode_0_placeholder\nngg_shortcode_1_placeholder\n","protected":false},"excerpt":{"rendered":"<p>Veja ou reveja algumas das imagens marcantes do nosso anivers\u00e1rio, este Domingo, dia 8 de Maio: O Hastear das bandeiras e\u00a0a romagem aos cemit\u00e9rios de S\u00e3o Miguel e S\u00e3o Jo\u00e3o A imposi\u00e7\u00e3o de medalhas aos bombeiros A ben\u00e7\u00e3o das tr\u00eas<\/p>\n","protected":false},"author":3,"featured_media":0,"comment_status":"open","ping_status":"closed","sticky":false,"template":"","format":"standard","meta":{"ngg_post_thumbnail":0,"footnotes":""},"categories":[1],"tags":[],"class_list":["post-1788","post","type-post","status-publish","format-standard","hentry","category-noticias"],"_links":{"self":[{"href":"https:\/\/www.bvvizela.pt\/site\/wp-json\/wp\/v2\/posts\/1788","targetHints":{"allow":["GET"]}}],"collection":[{"href":"https:\/\/www.bvvizela.pt\/site\/wp-json\/wp\/v2\/posts"}],"about":[{"href":"https:\/\/www.bvvizela.pt\/site\/wp-json\/wp\/v2\/types\/post"}],"author":[{"embeddable":true,"href":"https:\/\/www.bvvizela.pt\/site\/wp-json\/wp\/v2\/users\/3"}],"replies":[{"embeddable":true,"href":"https:\/\/www.bvvizela.pt\/site\/wp-json\/wp\/v2\/comments?post=1788"}],"version-history":[{"count":8,"href":"https:\/\/www.bvvizela.pt\/site\/wp-json\/wp\/v2\/posts\/1788\/revisions"}],"predecessor-version":[{"id":1798,"href":"https:\/\/www.bvvizela.pt\/site\/wp-json\/wp\/v2\/posts\/1788\/revisions\/1798"}],"wp:attachment":[{"href":"https:\/\/www.bvvizela.pt\/site\/wp-json\/wp\/v2\/media?parent=1788"}],"wp:term":[{"taxonomy":"category","embeddable":true,"href":"https:\/\/www.bvvizela.pt\/site\/wp-json\/wp\/v2\/categories?post=1788"},{"taxonomy":"post_tag","embeddable":true,"href":"https:\/\/www.bvvizela.pt\/site\/wp-json\/wp\/v2\/tags?post=1788"}],"curies":[{"name":"wp","href":"https:\/\/api.w.org\/{rel}","templated":true}]}}