{"id":1772,"date":"2011-05-08T07:00:07","date_gmt":"2011-05-08T06:00:07","guid":{"rendered":"http:\/\/www.bvvizela.pt\/site\/?p=1772"},"modified":"2011-05-08T07:41:53","modified_gmt":"2011-05-08T06:41:53","slug":"hoje-dia-de-festa","status":"publish","type":"post","link":"https:\/\/www.bvvizela.pt\/site\/hoje-dia-de-festa\/","title":{"rendered":"Hoje, dia de festa!"},"content":{"rendered":"<p>O dia come\u00e7ou com o tradicional toque de alvorada, no in\u00edcio do dia, que proporcionou certamente um despertar diferente a alguns Vizelenses (Presidentes dos \u00d3rg\u00e3os Sociais, Comandante, Presidente da C\u00e2mara, &#8230;.) e\u00a0a tradicional salva de morteiros. Antes, um despertar j\u00e1 normal para os nossos\u00a0bombeiros &#8211; o combate a um inc\u00eandio num caf\u00e1-bar em Santa Eul\u00e1lia, \u00e0s 5 da manh\u00e3 (onde estiveram duas viaturas e nove homens). Apesar de a chuva poder aparecer,\u00a0ser\u00e1 sem d\u00favida um dia muito especial para a nossa Associa\u00e7\u00e3o, a comemora\u00e7\u00e3o do seu 134\u00ba Anivers\u00e1rio!<\/p>\n<p>Relembramos o programa deste Domigo, e aproveitamos para voltar a convidar toda a popula\u00e7\u00e3o para as cerim\u00f3nias p\u00fablicas, no nosso quartel:<\/p>\n<p>07:00 h \u2013 Alvorada<br \/>\n08:30 h \u2013 Formatura e Hastear das Bandeiras<br \/>\n08:35 h \u2013 Romagem aos Cemit\u00e9rios (S. Jo\u00e3o + S. Miguel)<br \/>\n10:00 h \u2013 Missa no Quartel<br \/>\n11:15 h &#8211; Recep\u00e7\u00e3o aos Convidados<br \/>\n11:30 h \u2013 Imposi\u00e7\u00e3o de Medalhas<br \/>\n11:45 h \u2013 B\u00ean\u00e7\u00e3o das Novas Viaturas<br \/>\n12:00 h \u2013 Sess\u00e3o Solene + Homenagem<br \/>\n12:45 h \u2013 Desfile de Viaturas<br \/>\n13:00 h \u2013 Almo\u00e7o de Confraterniza\u00e7\u00e3o no Quartel<\/p>\n<p><strong>A ben\u00e7\u00e3o de tr\u00eas novas viaturas (uma ambul\u00e2ncia de socorro, uma ambul\u00e2ncia de transporte de doentes e um modern\u00edssimo\u00a0e\u00a0muito bem equipado\u00a0carro de combate a inc\u00eandios) e a homenagem e entrega de diploma de S\u00f3cio Benem\u00e9rito ao Sr. Albino Sim\u00f5es, ser\u00e3o sem d\u00favida dois pontos altos das cerim\u00f3nias.<\/strong><\/p>\n<p>Ontem, a exposi\u00e7\u00e3o &#8220;Viaturas dos Bombeiros : Passado e presente&#8221;, no Jardim Manuel Faria, \u00a0mereceu a aten\u00e7\u00e3o de muitos Vizelenses.<\/p>\n<p><a href=\"http:\/\/www.bvvizela.pt\/site\/wp-content\/uploads\/Exposi\u00e7\u00e3o-Viaturas-1.jpg\"><img loading=\"lazy\" decoding=\"async\" class=\"alignleft size-medium wp-image-1776\" title=\"Exposi\u00e7\u00e3o Viaturas 1\" src=\"http:\/\/www.bvvizela.pt\/site\/wp-content\/uploads\/Exposi\u00e7\u00e3o-Viaturas-1-300x168.jpg\" alt=\"\" width=\"300\" height=\"168\" srcset=\"https:\/\/www.bvvizela.pt\/site\/wp-content\/uploads\/Exposi\u00e7\u00e3o-Viaturas-1-300x168.jpg 300w, https:\/\/www.bvvizela.pt\/site\/wp-content\/uploads\/Exposi\u00e7\u00e3o-Viaturas-1.jpg 1024w\" sizes=\"auto, (max-width: 300px) 100vw, 300px\" \/><\/a><\/p>\n<p>.<\/p>\n<p><a href=\"http:\/\/www.bvvizela.pt\/site\/wp-content\/uploads\/Exposi\u00e7\u00e3o-Viaturas-2.jpg\"><\/a><\/p>\n<p>.<\/p>\n<p><a href=\"http:\/\/www.bvvizela.pt\/site\/wp-content\/uploads\/Exposi\u00e7\u00e3o-Viaturas-2.jpg\"><img loading=\"lazy\" decoding=\"async\" class=\"alignleft size-medium wp-image-1777\" title=\"Exposi\u00e7\u00e3o Viaturas 2\" src=\"http:\/\/www.bvvizela.pt\/site\/wp-content\/uploads\/Exposi\u00e7\u00e3o-Viaturas-2-300x175.jpg\" alt=\"\" width=\"300\" height=\"175\" srcset=\"https:\/\/www.bvvizela.pt\/site\/wp-content\/uploads\/Exposi\u00e7\u00e3o-Viaturas-2-300x175.jpg 300w, https:\/\/www.bvvizela.pt\/site\/wp-content\/uploads\/Exposi\u00e7\u00e3o-Viaturas-2.jpg 966w\" sizes=\"auto, (max-width: 300px) 100vw, 300px\" \/><\/a><\/p>\n","protected":false},"excerpt":{"rendered":"<p>O dia come\u00e7ou com o tradicional toque de alvorada, no in\u00edcio do dia, que proporcionou certamente um despertar diferente a alguns Vizelenses (Presidentes dos \u00d3rg\u00e3os Sociais, Comandante, Presidente da C\u00e2mara, &#8230;.) e\u00a0a tradicional salva de morteiros. Antes, um despertar j\u00e1<\/p>\n","protected":false},"author":3,"featured_media":0,"comment_status":"open","ping_status":"closed","sticky":false,"template":"","format":"standard","meta":{"ngg_post_thumbnail":0,"footnotes":""},"categories":[1],"tags":[],"class_list":["post-1772","post","type-post","status-publish","format-standard","hentry","category-noticias"],"_links":{"self":[{"href":"https:\/\/www.bvvizela.pt\/site\/wp-json\/wp\/v2\/posts\/1772","targetHints":{"allow":["GET"]}}],"collection":[{"href":"https:\/\/www.bvvizela.pt\/site\/wp-json\/wp\/v2\/posts"}],"about":[{"href":"https:\/\/www.bvvizela.pt\/site\/wp-json\/wp\/v2\/types\/post"}],"author":[{"embeddable":true,"href":"https:\/\/www.bvvizela.pt\/site\/wp-json\/wp\/v2\/users\/3"}],"replies":[{"embeddable":true,"href":"https:\/\/www.bvvizela.pt\/site\/wp-json\/wp\/v2\/comments?post=1772"}],"version-history":[{"count":9,"href":"https:\/\/www.bvvizela.pt\/site\/wp-json\/wp\/v2\/posts\/1772\/revisions"}],"predecessor-version":[{"id":1787,"href":"https:\/\/www.bvvizela.pt\/site\/wp-json\/wp\/v2\/posts\/1772\/revisions\/1787"}],"wp:attachment":[{"href":"https:\/\/www.bvvizela.pt\/site\/wp-json\/wp\/v2\/media?parent=1772"}],"wp:term":[{"taxonomy":"category","embeddable":true,"href":"https:\/\/www.bvvizela.pt\/site\/wp-json\/wp\/v2\/categories?post=1772"},{"taxonomy":"post_tag","embeddable":true,"href":"https:\/\/www.bvvizela.pt\/site\/wp-json\/wp\/v2\/tags?post=1772"}],"curies":[{"name":"wp","href":"https:\/\/api.w.org\/{rel}","templated":true}]}}