{"id":1764,"date":"2011-05-07T10:57:17","date_gmt":"2011-05-07T09:57:17","guid":{"rendered":"http:\/\/www.bvvizela.pt\/site\/?p=1764"},"modified":"2011-05-07T10:57:17","modified_gmt":"2011-05-07T09:57:17","slug":"atribuicao-do-estatuto-de-associado-benemerito-ao-sr-albino-lourenco-simoes","status":"publish","type":"post","link":"https:\/\/www.bvvizela.pt\/site\/atribuicao-do-estatuto-de-associado-benemerito-ao-sr-albino-lourenco-simoes\/","title":{"rendered":"Atribui\u00e7\u00e3o do Estatuto de Associado Benem\u00e9rito ao Sr. Albino Louren\u00e7o Sim\u00f5es"},"content":{"rendered":"<p>O Conselho de Condecora\u00e7\u00f5es, composto por pelo Presidente da Assembleia-Geral, Presidente da Direc\u00e7\u00e3o, Presidente do Conselho Fiscal e Comandante da Corpora\u00e7\u00e3o,\u00a0\u00a0deliberou \u2013 por unanimidade \u2013 conceder a atribui\u00e7\u00e3o de ASSOCIADO BENEM\u00c9RITO da Real Associa\u00e7\u00e3o Humanit\u00e1ria dos Bombeiros Volunt\u00e1rios de Vizela, ao S\u00f3cio N\u00ba 3452, Sr. Albino Louren\u00e7o Sim\u00f5es\u00a0pelo seu elevado sentido solid\u00e1rio e c\u00edvico para com a Associa\u00e7\u00e3o.<\/p>\n<p>Em\u00a0reuni\u00e3o do dia 01 de Abril de 2011, a direc\u00e7\u00e3o decidiu tamb\u00e9m por unanimidade prop\u00f4r ao Conselho de Condecora\u00e7\u00f5es\u00a0a atribui\u00e7\u00e3o do Estatuto de Associado Benem\u00e9rito,\u00a0pelos relevantes servi\u00e7os prestados, quer na ced\u00eancia do espa\u00e7o da sua Quinta D\u2019 El Rei para eventos da Associa\u00e7\u00e3o, quer no apoio log\u00edstico noutras ac\u00e7\u00f5es, quer sobretudo no relevante apoio financeiro concedido, o que permitiu a concretiza\u00e7\u00e3o de investimentos m\u00f3veis importantes na Associa\u00e7\u00e3o.<\/p>\n<p>A homenagem e entrega do diploma ter\u00e1 lugar no pr\u00f3ximo Domigo, na \u00a0Sess\u00e3o Solene integrada nas comemora\u00e7\u00f5es do 134\u00ba Anivers\u00e1rio da Associa\u00e7\u00e3o.<\/p>\n<p><a href=\"http:\/\/www.bvvizela.pt\/site\/wp-content\/uploads\/simoes.jpg\"><img loading=\"lazy\" decoding=\"async\" class=\"alignleft size-full wp-image-1765\" title=\"simoes\" src=\"http:\/\/www.bvvizela.pt\/site\/wp-content\/uploads\/simoes.jpg\" alt=\"\" width=\"285\" height=\"347\" srcset=\"https:\/\/www.bvvizela.pt\/site\/wp-content\/uploads\/simoes.jpg 285w, https:\/\/www.bvvizela.pt\/site\/wp-content\/uploads\/simoes-246x300.jpg 246w\" sizes=\"auto, (max-width: 285px) 100vw, 285px\" \/><\/a><\/p>\n","protected":false},"excerpt":{"rendered":"<p>O Conselho de Condecora\u00e7\u00f5es, composto por pelo Presidente da Assembleia-Geral, Presidente da Direc\u00e7\u00e3o, Presidente do Conselho Fiscal e Comandante da Corpora\u00e7\u00e3o,\u00a0\u00a0deliberou \u2013 por unanimidade \u2013 conceder a atribui\u00e7\u00e3o de ASSOCIADO BENEM\u00c9RITO da Real Associa\u00e7\u00e3o Humanit\u00e1ria dos Bombeiros Volunt\u00e1rios de Vizela,<\/p>\n","protected":false},"author":3,"featured_media":0,"comment_status":"open","ping_status":"closed","sticky":false,"template":"","format":"standard","meta":{"ngg_post_thumbnail":0,"footnotes":""},"categories":[1],"tags":[],"class_list":["post-1764","post","type-post","status-publish","format-standard","hentry","category-noticias"],"_links":{"self":[{"href":"https:\/\/www.bvvizela.pt\/site\/wp-json\/wp\/v2\/posts\/1764","targetHints":{"allow":["GET"]}}],"collection":[{"href":"https:\/\/www.bvvizela.pt\/site\/wp-json\/wp\/v2\/posts"}],"about":[{"href":"https:\/\/www.bvvizela.pt\/site\/wp-json\/wp\/v2\/types\/post"}],"author":[{"embeddable":true,"href":"https:\/\/www.bvvizela.pt\/site\/wp-json\/wp\/v2\/users\/3"}],"replies":[{"embeddable":true,"href":"https:\/\/www.bvvizela.pt\/site\/wp-json\/wp\/v2\/comments?post=1764"}],"version-history":[{"count":1,"href":"https:\/\/www.bvvizela.pt\/site\/wp-json\/wp\/v2\/posts\/1764\/revisions"}],"predecessor-version":[{"id":1766,"href":"https:\/\/www.bvvizela.pt\/site\/wp-json\/wp\/v2\/posts\/1764\/revisions\/1766"}],"wp:attachment":[{"href":"https:\/\/www.bvvizela.pt\/site\/wp-json\/wp\/v2\/media?parent=1764"}],"wp:term":[{"taxonomy":"category","embeddable":true,"href":"https:\/\/www.bvvizela.pt\/site\/wp-json\/wp\/v2\/categories?post=1764"},{"taxonomy":"post_tag","embeddable":true,"href":"https:\/\/www.bvvizela.pt\/site\/wp-json\/wp\/v2\/tags?post=1764"}],"curies":[{"name":"wp","href":"https:\/\/api.w.org\/{rel}","templated":true}]}}