{"id":1739,"date":"2011-05-06T13:01:16","date_gmt":"2011-05-06T12:01:16","guid":{"rendered":"http:\/\/www.bvvizela.pt\/site\/?p=1739"},"modified":"2011-05-08T00:00:07","modified_gmt":"2011-05-07T23:00:07","slug":"exposicao-viaturas-dos-bombeiros-passado-e-presente","status":"publish","type":"post","link":"https:\/\/www.bvvizela.pt\/site\/exposicao-viaturas-dos-bombeiros-passado-e-presente\/","title":{"rendered":"Exposi\u00e7\u00e3o &#8220;Viaturas dos bombeiros : Passado e Presente!&#8221;"},"content":{"rendered":"<p style=\"text-align: left;\">Integrado nas comemora\u00e7\u00f5es dos 134\u00ba Anivers\u00e1rio, a Real Associa\u00e7\u00e3o vai mostrar no pr\u00f3ximo <strong>S\u00e1bado, durante a tarde, no Jardim Manuel Faria<\/strong>, algumas das suas viaturas, representativas das suas v\u00e1rias\u00a0\u00e1reas de actua\u00e7\u00e3o.<\/p>\n<p>Viaturas que fazem parte do patrim\u00f3nio hist\u00f3rico da Associa\u00e7\u00e3o estar\u00e3o lado a lado com viaturas atuais, operacionais, mostrando a evolu\u00e7\u00e3o dos meios de socorro.<\/p>\n<p>Poderemos ver, ou rever, o primeiro carro de Comando desta Associa\u00e7\u00e3o, um bonito <strong>Chrysler Windsor de 1947<\/strong>, e compar\u00e1-lo com o ve\u00edculo de Comando atual, o nosso VCOT 01. O \u201ccharme do passado\u201d comparado com o ve\u00edculo todo-o-terreno pr\u00e1tico, onde o nosso Comandante define muitas das estrat\u00e9gias e planos de interven\u00e7\u00e3o e socorro.<\/p>\n<p>Grandes diferen\u00e7as encontraremos certamente nas duas ambul\u00e2ncias em exposi\u00e7\u00e3o. A <strong>Skoda de 1958<\/strong>, segunda ambul\u00e2ncia de socorro desta Associa\u00e7\u00e3o, e a atual e excelentemente equipada ambul\u00e2ncia de socorro ABSC 06, da marca Mercedes.<\/p>\n<p>Em exposi\u00e7\u00e3o estar\u00e3o os ve\u00edculos de combate a inc\u00eandio, com destaque para o conhecid\u00edssimo <strong>Jeep Willys<\/strong> <strong>de 1958<\/strong> e um <strong>Austin de 1957 <\/strong>utilizado para fogos urbanos, e respetivos carros atuais.<\/p>\n<p>Elementos do corpo de bombeiros estar\u00e3o no local, para mostrar as viaturas, e dispon\u00edveis para qualquer explica\u00e7\u00e3o.<\/p>\n<p>Uma viagem no tempo, relembrando ve\u00edculos de outros tempos, que muitos de n\u00f3s vimos em a\u00e7\u00e3o\u2026<\/p>\n<p>Esperamos a vossa visita.<\/p>\n<p>O Comando<span id=\"_marker\">\u00a0<\/span><\/p>\n<p><span>.<a href=\"http:\/\/www.bvvizela.pt\/site\/wp-content\/uploads\/Exposi\u00e7\u00e3o.jpg\"><img loading=\"lazy\" decoding=\"async\" class=\"alignleft size-medium wp-image-1743\" title=\"Exposi\u00e7\u00e3o\" src=\"http:\/\/www.bvvizela.pt\/site\/wp-content\/uploads\/Exposi\u00e7\u00e3o-300x137.jpg\" alt=\"\" width=\"300\" height=\"137\" srcset=\"https:\/\/www.bvvizela.pt\/site\/wp-content\/uploads\/Exposi\u00e7\u00e3o-300x137.jpg 300w, https:\/\/www.bvvizela.pt\/site\/wp-content\/uploads\/Exposi\u00e7\u00e3o.jpg 1024w\" sizes=\"auto, (max-width: 300px) 100vw, 300px\" \/><\/a><\/span><\/p>\n<p><span>\u00a0<\/span><\/p>\n","protected":false},"excerpt":{"rendered":"<p>Integrado nas comemora\u00e7\u00f5es dos 134\u00ba Anivers\u00e1rio, a Real Associa\u00e7\u00e3o vai mostrar no pr\u00f3ximo S\u00e1bado, durante a tarde, no Jardim Manuel Faria, algumas das suas viaturas, representativas das suas v\u00e1rias\u00a0\u00e1reas de actua\u00e7\u00e3o. Viaturas que fazem parte do patrim\u00f3nio hist\u00f3rico da Associa\u00e7\u00e3o<\/p>\n","protected":false},"author":3,"featured_media":0,"comment_status":"open","ping_status":"closed","sticky":false,"template":"","format":"standard","meta":{"ngg_post_thumbnail":0,"footnotes":""},"categories":[1],"tags":[],"class_list":["post-1739","post","type-post","status-publish","format-standard","hentry","category-noticias"],"_links":{"self":[{"href":"https:\/\/www.bvvizela.pt\/site\/wp-json\/wp\/v2\/posts\/1739","targetHints":{"allow":["GET"]}}],"collection":[{"href":"https:\/\/www.bvvizela.pt\/site\/wp-json\/wp\/v2\/posts"}],"about":[{"href":"https:\/\/www.bvvizela.pt\/site\/wp-json\/wp\/v2\/types\/post"}],"author":[{"embeddable":true,"href":"https:\/\/www.bvvizela.pt\/site\/wp-json\/wp\/v2\/users\/3"}],"replies":[{"embeddable":true,"href":"https:\/\/www.bvvizela.pt\/site\/wp-json\/wp\/v2\/comments?post=1739"}],"version-history":[{"count":14,"href":"https:\/\/www.bvvizela.pt\/site\/wp-json\/wp\/v2\/posts\/1739\/revisions"}],"predecessor-version":[{"id":1784,"href":"https:\/\/www.bvvizela.pt\/site\/wp-json\/wp\/v2\/posts\/1739\/revisions\/1784"}],"wp:attachment":[{"href":"https:\/\/www.bvvizela.pt\/site\/wp-json\/wp\/v2\/media?parent=1739"}],"wp:term":[{"taxonomy":"category","embeddable":true,"href":"https:\/\/www.bvvizela.pt\/site\/wp-json\/wp\/v2\/categories?post=1739"},{"taxonomy":"post_tag","embeddable":true,"href":"https:\/\/www.bvvizela.pt\/site\/wp-json\/wp\/v2\/tags?post=1739"}],"curies":[{"name":"wp","href":"https:\/\/api.w.org\/{rel}","templated":true}]}}