{"id":1698,"date":"2011-04-26T19:11:36","date_gmt":"2011-04-26T18:11:36","guid":{"rendered":"http:\/\/www.bvvizela.pt\/site\/?p=1698"},"modified":"2011-10-20T23:52:34","modified_gmt":"2011-10-20T22:52:34","slug":"programa-do-134%c2%ba-aniversario-da-associacao","status":"publish","type":"post","link":"https:\/\/www.bvvizela.pt\/site\/programa-do-134%c2%ba-aniversario-da-associacao\/","title":{"rendered":"Programa do 134\u00ba Anivers\u00e1rio da Associa\u00e7\u00e3o"},"content":{"rendered":"<p><a href=\"http:\/\/www.bvvizela.pt\/site\/wp-content\/uploads\/anivers\u00e1rio2_peq.jpg\"><\/a><a href=\"http:\/\/www.bvvizela.pt\/site\/wp-content\/uploads\/anivers\u00e1rio2_peq1.jpg\"><\/a><a href=\"http:\/\/www.bvvizela.pt\/site\/wp-content\/uploads\/anivers\u00e1rio3_peq.jpg\"><\/a>A Direc\u00e7\u00e3o\u00a0e o Comando da Real Associa\u00e7\u00e3o Humanit\u00e1ria dos Bombeiros Volunt\u00e1rios de Vizela, t\u00eam a honra de convidar toda a popula\u00e7\u00e3o a participar nas cerim\u00f3nias p\u00fablicas comemorativas do 134\u00ba Anivers\u00e1rio da Real Associa\u00e7\u00e3o.<\/p>\n<p><strong>Domingo, 8 de Maio de 2011<\/strong><\/p>\n<p>PROGRAMA COMPLETO:<\/p>\n<p>07:00 h \u2013 Alvorada<br \/>\n08:30 h \u2013 Formatura e Hastear das Bandeiras<br \/>\n08:35 h \u2013 Romagem aos Cemit\u00e9rios (S. Jo\u00e3o + S. Miguel)<br \/>\n10:00 h \u2013 Missa no Quartel<br \/>\n11:15 h &#8211; Recep\u00e7\u00e3o aos Convidados<br \/>\n11:30 h \u2013 Imposi\u00e7\u00e3o de Medalhas<br \/>\n11:45 h \u2013 B\u00ean\u00e7\u00e3o das Novas Viaturas<br \/>\n12:00 h \u2013 Sess\u00e3o Solene + Homenagem<br \/>\n12:45 h \u2013 Desfile de Viaturas<br \/>\n13:00 h \u2013 Almo\u00e7o de Confraterniza\u00e7\u00e3o no Quartel<\/p>\n<p>.<a href=\"http:\/\/www.bvvizela.pt\/site\/wp-content\/uploads\/anivers\u00e1rio2.jpg\"><img loading=\"lazy\" decoding=\"async\" class=\"alignleft size-thumbnail wp-image-1699\" title=\"anivers\u00e1rio2\" src=\"http:\/\/www.bvvizela.pt\/site\/wp-content\/uploads\/anivers\u00e1rio2-150x150.jpg\" alt=\"\" width=\"150\" height=\"150\" \/><\/a><\/p>\n","protected":false},"excerpt":{"rendered":"<p>A Direc\u00e7\u00e3o\u00a0e o Comando da Real Associa\u00e7\u00e3o Humanit\u00e1ria dos Bombeiros Volunt\u00e1rios de Vizela, t\u00eam a honra de convidar toda a popula\u00e7\u00e3o a participar nas cerim\u00f3nias p\u00fablicas comemorativas do 134\u00ba Anivers\u00e1rio da Real Associa\u00e7\u00e3o. Domingo, 8 de Maio de 2011 PROGRAMA<\/p>\n","protected":false},"author":3,"featured_media":0,"comment_status":"open","ping_status":"closed","sticky":false,"template":"","format":"standard","meta":{"ngg_post_thumbnail":0,"footnotes":""},"categories":[1],"tags":[],"class_list":["post-1698","post","type-post","status-publish","format-standard","hentry","category-noticias"],"_links":{"self":[{"href":"https:\/\/www.bvvizela.pt\/site\/wp-json\/wp\/v2\/posts\/1698","targetHints":{"allow":["GET"]}}],"collection":[{"href":"https:\/\/www.bvvizela.pt\/site\/wp-json\/wp\/v2\/posts"}],"about":[{"href":"https:\/\/www.bvvizela.pt\/site\/wp-json\/wp\/v2\/types\/post"}],"author":[{"embeddable":true,"href":"https:\/\/www.bvvizela.pt\/site\/wp-json\/wp\/v2\/users\/3"}],"replies":[{"embeddable":true,"href":"https:\/\/www.bvvizela.pt\/site\/wp-json\/wp\/v2\/comments?post=1698"}],"version-history":[{"count":10,"href":"https:\/\/www.bvvizela.pt\/site\/wp-json\/wp\/v2\/posts\/1698\/revisions"}],"predecessor-version":[{"id":2239,"href":"https:\/\/www.bvvizela.pt\/site\/wp-json\/wp\/v2\/posts\/1698\/revisions\/2239"}],"wp:attachment":[{"href":"https:\/\/www.bvvizela.pt\/site\/wp-json\/wp\/v2\/media?parent=1698"}],"wp:term":[{"taxonomy":"category","embeddable":true,"href":"https:\/\/www.bvvizela.pt\/site\/wp-json\/wp\/v2\/categories?post=1698"},{"taxonomy":"post_tag","embeddable":true,"href":"https:\/\/www.bvvizela.pt\/site\/wp-json\/wp\/v2\/tags?post=1698"}],"curies":[{"name":"wp","href":"https:\/\/api.w.org\/{rel}","templated":true}]}}