{"id":1692,"date":"2011-04-23T21:30:08","date_gmt":"2011-04-23T20:30:08","guid":{"rendered":"http:\/\/www.bvvizela.pt\/site\/?p=1692"},"modified":"2011-04-25T21:33:37","modified_gmt":"2011-04-25T20:33:37","slug":"incendio-em-carpintaria-em-st-%c2%ba-adriao","status":"publish","type":"post","link":"https:\/\/www.bvvizela.pt\/site\/incendio-em-carpintaria-em-st-%c2%ba-adriao\/","title":{"rendered":"Inc\u00eandio em Carpintaria em St.\u00ba Adri\u00e3o"},"content":{"rendered":"<p style=\"text-align: justify;\">Pelas 21:59 horas de S\u00e1bado, 23 de Abril de 2011, foi dado o alerta de inc\u00eandio numa carpintaria, na rua da Industria, em St.\u00ba Adri\u00e3o. Para o local seguiram 3 viaturas, VRCI-01, VECI-01 e o VCOT-01 com 13 bombeiros. Tudo indica que o inc\u00eandio teve o seu inicio na parte do escrit\u00f3rio, tendo sido a actua\u00e7\u00e3o sobre esta \u00e1rea, e assim salvaguardada a parte da mat\u00e9ria-prima da empresa. Os trabalhos foram dados como terminados pelas 00:10.<\/p>\n<p style=\"text-align: justify;\">Este inc\u00eandio veio na sequ\u00eancia de uma forte trovoada que se fez sentir na zona, n\u00e3o se podendo contudo, confirmar a rela\u00e7\u00e3o directa com o inc\u00eandio.<\/p>\n","protected":false},"excerpt":{"rendered":"<p>Pelas 21:59 horas de S\u00e1bado, 23 de Abril de 2011, foi dado o alerta de inc\u00eandio numa carpintaria, na rua da Industria, em St.\u00ba Adri\u00e3o. Para o local seguiram 3 viaturas, VRCI-01, VECI-01 e o VCOT-01 com 13 bombeiros. Tudo<\/p>\n","protected":false},"author":2,"featured_media":0,"comment_status":"open","ping_status":"closed","sticky":false,"template":"","format":"standard","meta":{"ngg_post_thumbnail":0,"footnotes":""},"categories":[1],"tags":[],"class_list":["post-1692","post","type-post","status-publish","format-standard","hentry","category-noticias"],"_links":{"self":[{"href":"https:\/\/www.bvvizela.pt\/site\/wp-json\/wp\/v2\/posts\/1692","targetHints":{"allow":["GET"]}}],"collection":[{"href":"https:\/\/www.bvvizela.pt\/site\/wp-json\/wp\/v2\/posts"}],"about":[{"href":"https:\/\/www.bvvizela.pt\/site\/wp-json\/wp\/v2\/types\/post"}],"author":[{"embeddable":true,"href":"https:\/\/www.bvvizela.pt\/site\/wp-json\/wp\/v2\/users\/2"}],"replies":[{"embeddable":true,"href":"https:\/\/www.bvvizela.pt\/site\/wp-json\/wp\/v2\/comments?post=1692"}],"version-history":[{"count":2,"href":"https:\/\/www.bvvizela.pt\/site\/wp-json\/wp\/v2\/posts\/1692\/revisions"}],"predecessor-version":[{"id":1694,"href":"https:\/\/www.bvvizela.pt\/site\/wp-json\/wp\/v2\/posts\/1692\/revisions\/1694"}],"wp:attachment":[{"href":"https:\/\/www.bvvizela.pt\/site\/wp-json\/wp\/v2\/media?parent=1692"}],"wp:term":[{"taxonomy":"category","embeddable":true,"href":"https:\/\/www.bvvizela.pt\/site\/wp-json\/wp\/v2\/categories?post=1692"},{"taxonomy":"post_tag","embeddable":true,"href":"https:\/\/www.bvvizela.pt\/site\/wp-json\/wp\/v2\/tags?post=1692"}],"curies":[{"name":"wp","href":"https:\/\/api.w.org\/{rel}","templated":true}]}}