{"id":1647,"date":"2011-04-08T12:14:56","date_gmt":"2011-04-08T11:14:56","guid":{"rendered":"http:\/\/www.bvvizela.pt\/site\/?p=1647"},"modified":"2011-04-11T17:48:55","modified_gmt":"2011-04-11T16:48:55","slug":"domingo-peditorios-anuais-em-tagilde-sto-adriao-e-s-paio","status":"publish","type":"post","link":"https:\/\/www.bvvizela.pt\/site\/domingo-peditorios-anuais-em-tagilde-sto-adriao-e-s-paio\/","title":{"rendered":"Domingo, Pedit\u00f3rios Anuais em Tagilde, Sto. Adri\u00e3o e S. Paio"},"content":{"rendered":"<p>Realizam-se este Domingo, pela manh\u00e3,\u00a0os pedit\u00f3rios anuais nas freguesias de Tagilde, Santo Adri\u00e3o e S\u00e3o Paio.<\/p>\n<p>Somos uma associa\u00e7\u00e3o de bombeiros volunt\u00e1rios e, nesta fun\u00e7\u00e3o, prestamos todos os servi\u00e7os sem quaisquer obriga\u00e7\u00f5es financeiras individuais, em fun\u00e7\u00e3o do servi\u00e7o prestado. Nesta condi\u00e7\u00e3o \u00e9, pois, perfeitamente normal que, periodicamente, recorramos \u00e0 popula\u00e7\u00e3o a solicitar a sua contribui\u00e7\u00e3o financeira ocasional, sempre de acordo com as suas possibilidades, a sua vontade em contribuir e a sua solidariedade social.<\/p>\n<p>Este pedit\u00f3rios s\u00e3o, juntamente com as quotiza\u00e7\u00f5es dos associados,\u00a0o instrumento financeiro mais importante que a Associa\u00e7\u00e3o tem, que lhe permite acorrer a todos os seus gastos de funcionamento e lhe garante a independ\u00eancia e o estatuto de Associa\u00e7\u00e3o.<\/p>\n<p>Nas pr\u00f3ximas semanas, efectuar-se-\u00e3o os pedit\u00f3rios nas restantes freguesias.<\/p>\n<p>A colabora\u00e7\u00e3o de todos \u00e9 importante.\u00a0O sucesso dos pedit\u00f3rios ser\u00e1 o sucesso de todos: da Associa\u00e7\u00e3o e de toda a popula\u00e7\u00e3o.<\/p>\n<p>A Direc\u00e7\u00e3o<a href=\"http:\/\/www.bvvizela.pt\/site\/wp-content\/uploads\/Mapa_peq3.jpg\"><img loading=\"lazy\" decoding=\"async\" class=\"alignleft size-medium wp-image-1653\" title=\"Mapa_peq3\" src=\"http:\/\/www.bvvizela.pt\/site\/wp-content\/uploads\/Mapa_peq3-300x160.jpg\" alt=\"\" width=\"300\" height=\"160\" srcset=\"https:\/\/www.bvvizela.pt\/site\/wp-content\/uploads\/Mapa_peq3-300x160.jpg 300w, https:\/\/www.bvvizela.pt\/site\/wp-content\/uploads\/Mapa_peq3.jpg 750w\" sizes=\"auto, (max-width: 300px) 100vw, 300px\" \/><\/a><\/p>\n","protected":false},"excerpt":{"rendered":"<p>Realizam-se este Domingo, pela manh\u00e3,\u00a0os pedit\u00f3rios anuais nas freguesias de Tagilde, Santo Adri\u00e3o e S\u00e3o Paio. Somos uma associa\u00e7\u00e3o de bombeiros volunt\u00e1rios e, nesta fun\u00e7\u00e3o, prestamos todos os servi\u00e7os sem quaisquer obriga\u00e7\u00f5es financeiras individuais, em fun\u00e7\u00e3o do servi\u00e7o prestado. Nesta<\/p>\n","protected":false},"author":3,"featured_media":0,"comment_status":"open","ping_status":"closed","sticky":false,"template":"","format":"standard","meta":{"ngg_post_thumbnail":0,"footnotes":""},"categories":[1],"tags":[],"class_list":["post-1647","post","type-post","status-publish","format-standard","hentry","category-noticias"],"_links":{"self":[{"href":"https:\/\/www.bvvizela.pt\/site\/wp-json\/wp\/v2\/posts\/1647","targetHints":{"allow":["GET"]}}],"collection":[{"href":"https:\/\/www.bvvizela.pt\/site\/wp-json\/wp\/v2\/posts"}],"about":[{"href":"https:\/\/www.bvvizela.pt\/site\/wp-json\/wp\/v2\/types\/post"}],"author":[{"embeddable":true,"href":"https:\/\/www.bvvizela.pt\/site\/wp-json\/wp\/v2\/users\/3"}],"replies":[{"embeddable":true,"href":"https:\/\/www.bvvizela.pt\/site\/wp-json\/wp\/v2\/comments?post=1647"}],"version-history":[{"count":8,"href":"https:\/\/www.bvvizela.pt\/site\/wp-json\/wp\/v2\/posts\/1647\/revisions"}],"predecessor-version":[{"id":1670,"href":"https:\/\/www.bvvizela.pt\/site\/wp-json\/wp\/v2\/posts\/1647\/revisions\/1670"}],"wp:attachment":[{"href":"https:\/\/www.bvvizela.pt\/site\/wp-json\/wp\/v2\/media?parent=1647"}],"wp:term":[{"taxonomy":"category","embeddable":true,"href":"https:\/\/www.bvvizela.pt\/site\/wp-json\/wp\/v2\/categories?post=1647"},{"taxonomy":"post_tag","embeddable":true,"href":"https:\/\/www.bvvizela.pt\/site\/wp-json\/wp\/v2\/tags?post=1647"}],"curies":[{"name":"wp","href":"https:\/\/api.w.org\/{rel}","templated":true}]}}