{"id":1622,"date":"2011-04-01T00:01:58","date_gmt":"2011-03-31T23:01:58","guid":{"rendered":"http:\/\/www.bvvizela.pt\/site\/?p=1622"},"modified":"2011-04-05T21:48:16","modified_gmt":"2011-04-05T20:48:16","slug":"eip-celebra-hoje-o-seu-segundo-aniversario","status":"publish","type":"post","link":"https:\/\/www.bvvizela.pt\/site\/eip-celebra-hoje-o-seu-segundo-aniversario\/","title":{"rendered":"EIP celebra hoje o seu segundo anivers\u00e1rio"},"content":{"rendered":"<p style=\"text-align: center;\"><a href=\"http:\/\/www.bvvizela.pt\/site\/wp-content\/uploads\/eip1.png\"><img loading=\"lazy\" decoding=\"async\" class=\"aligncenter size-medium wp-image-1628\" title=\"eip\" src=\"http:\/\/www.bvvizela.pt\/site\/wp-content\/uploads\/eip1-291x300.png\" alt=\"\" width=\"175\" height=\"180\" srcset=\"https:\/\/www.bvvizela.pt\/site\/wp-content\/uploads\/eip1-291x300.png 291w, https:\/\/www.bvvizela.pt\/site\/wp-content\/uploads\/eip1.png 330w\" sizes=\"auto, (max-width: 175px) 100vw, 175px\" \/><\/a><\/p>\n<p style=\"text-align: justify;\">A Equipa de Interven\u00e7\u00e3o Permanente dos Bombeiros Volunt\u00e1rios de Vizela comemora hoje, dia 1 de Abril, o seu segundo anivers\u00e1rio.<\/p>\n<p style=\"text-align: justify;\">\u00c9 sem d\u00favida uma mais-valia, quer para a corpora\u00e7\u00e3o quer para a popula\u00e7\u00e3o da \u00e1rea Operacional, que viu assim uma diminui\u00e7\u00e3o do tempo de resposta do socorro prestado. Al\u00e9m de oferecer uma resposta mais r\u00e1pida \u00e0s situa\u00e7\u00f5es de socorro, na sua ac\u00e7\u00e3o a EIP colabora com o Comando na informa\u00e7\u00e3o e sensibiliza\u00e7\u00e3o \u00e0 popula\u00e7\u00e3o, atrav\u00e9s de visitas ao quartel e na sua perman\u00eancia no quartel, ajuda na manuten\u00e7\u00e3o f\u00edsica de toda a estrutura im\u00f3vel e m\u00f3vel pertencente \u00e0 corpora\u00e7\u00e3o.<\/p>\n<p style=\"text-align: justify;\">Que este dia se prolongue por muitos anos.<\/p>\n<p style=\"text-align: justify;\">Parab\u00e9ns \u00e0 equipa.<\/p>\n<p style=\"text-align: justify;\">\n<p style=\"text-align: justify;\">ngg_shortcode_0_placeholder<\/p>\n","protected":false},"excerpt":{"rendered":"<p>A Equipa de Interven\u00e7\u00e3o Permanente dos Bombeiros Volunt\u00e1rios de Vizela comemora hoje, dia 1 de Abril, o seu segundo anivers\u00e1rio. \u00c9 sem d\u00favida uma mais-valia, quer para a corpora\u00e7\u00e3o quer para a popula\u00e7\u00e3o da \u00e1rea Operacional, que viu assim uma<\/p>\n","protected":false},"author":6,"featured_media":0,"comment_status":"open","ping_status":"closed","sticky":false,"template":"","format":"standard","meta":{"ngg_post_thumbnail":0,"footnotes":""},"categories":[1],"tags":[],"class_list":["post-1622","post","type-post","status-publish","format-standard","hentry","category-noticias"],"_links":{"self":[{"href":"https:\/\/www.bvvizela.pt\/site\/wp-json\/wp\/v2\/posts\/1622","targetHints":{"allow":["GET"]}}],"collection":[{"href":"https:\/\/www.bvvizela.pt\/site\/wp-json\/wp\/v2\/posts"}],"about":[{"href":"https:\/\/www.bvvizela.pt\/site\/wp-json\/wp\/v2\/types\/post"}],"author":[{"embeddable":true,"href":"https:\/\/www.bvvizela.pt\/site\/wp-json\/wp\/v2\/users\/6"}],"replies":[{"embeddable":true,"href":"https:\/\/www.bvvizela.pt\/site\/wp-json\/wp\/v2\/comments?post=1622"}],"version-history":[{"count":10,"href":"https:\/\/www.bvvizela.pt\/site\/wp-json\/wp\/v2\/posts\/1622\/revisions"}],"predecessor-version":[{"id":1627,"href":"https:\/\/www.bvvizela.pt\/site\/wp-json\/wp\/v2\/posts\/1622\/revisions\/1627"}],"wp:attachment":[{"href":"https:\/\/www.bvvizela.pt\/site\/wp-json\/wp\/v2\/media?parent=1622"}],"wp:term":[{"taxonomy":"category","embeddable":true,"href":"https:\/\/www.bvvizela.pt\/site\/wp-json\/wp\/v2\/categories?post=1622"},{"taxonomy":"post_tag","embeddable":true,"href":"https:\/\/www.bvvizela.pt\/site\/wp-json\/wp\/v2\/tags?post=1622"}],"curies":[{"name":"wp","href":"https:\/\/api.w.org\/{rel}","templated":true}]}}