{"id":1617,"date":"2011-03-23T14:53:41","date_gmt":"2011-03-23T14:53:41","guid":{"rendered":"http:\/\/www.bvvizela.pt\/site\/?p=1617"},"modified":"2011-04-19T21:31:09","modified_gmt":"2011-04-19T20:31:09","slug":"incendio-industrial-em-infias","status":"publish","type":"post","link":"https:\/\/www.bvvizela.pt\/site\/incendio-industrial-em-infias\/","title":{"rendered":"Inc\u00eandio Industrial em Infias"},"content":{"rendered":"<p>Pelas 14 horas do dia 23 de Mar\u00e7o \u00e9 dado o alerta de Inc\u00eandio numa empresa T\u00eaxtil a laborar na rua das Arcas, freguesia de Infias.<\/p>\n<p>Para o local seguiu o VRCI-01, que \u00e0 chegada e ap\u00f3s o reconhecimento, verificou que o inc\u00eandio estava restrito a um tear com as duas teias e a obra em chamas. Foi de imediato dominado o inc\u00eandio com p\u00f3 qu\u00edmico e pedido mais um ve\u00edculo com aparelhos respirat\u00f3rios \u201cARICA\u201d, para retirar as referidas teias e a obra, e assim extinguir o inc\u00eandio e proceder \u00e1 ventila\u00e7\u00e3o natural da divis\u00e3o afectada.<\/p>\n<p>\u00c1s 15:15 foi dado como terminado o inc\u00eandio.<\/p>\n","protected":false},"excerpt":{"rendered":"<p>Pelas 14 horas do dia 23 de Mar\u00e7o \u00e9 dado o alerta de Inc\u00eandio numa empresa T\u00eaxtil a laborar na rua das Arcas, freguesia de Infias. Para o local seguiu o VRCI-01, que \u00e0 chegada e ap\u00f3s o reconhecimento, verificou<\/p>\n","protected":false},"author":6,"featured_media":0,"comment_status":"open","ping_status":"closed","sticky":false,"template":"","format":"standard","meta":{"ngg_post_thumbnail":0,"footnotes":""},"categories":[1],"tags":[],"class_list":["post-1617","post","type-post","status-publish","format-standard","hentry","category-noticias"],"_links":{"self":[{"href":"https:\/\/www.bvvizela.pt\/site\/wp-json\/wp\/v2\/posts\/1617","targetHints":{"allow":["GET"]}}],"collection":[{"href":"https:\/\/www.bvvizela.pt\/site\/wp-json\/wp\/v2\/posts"}],"about":[{"href":"https:\/\/www.bvvizela.pt\/site\/wp-json\/wp\/v2\/types\/post"}],"author":[{"embeddable":true,"href":"https:\/\/www.bvvizela.pt\/site\/wp-json\/wp\/v2\/users\/6"}],"replies":[{"embeddable":true,"href":"https:\/\/www.bvvizela.pt\/site\/wp-json\/wp\/v2\/comments?post=1617"}],"version-history":[{"count":3,"href":"https:\/\/www.bvvizela.pt\/site\/wp-json\/wp\/v2\/posts\/1617\/revisions"}],"predecessor-version":[{"id":1673,"href":"https:\/\/www.bvvizela.pt\/site\/wp-json\/wp\/v2\/posts\/1617\/revisions\/1673"}],"wp:attachment":[{"href":"https:\/\/www.bvvizela.pt\/site\/wp-json\/wp\/v2\/media?parent=1617"}],"wp:term":[{"taxonomy":"category","embeddable":true,"href":"https:\/\/www.bvvizela.pt\/site\/wp-json\/wp\/v2\/categories?post=1617"},{"taxonomy":"post_tag","embeddable":true,"href":"https:\/\/www.bvvizela.pt\/site\/wp-json\/wp\/v2\/tags?post=1617"}],"curies":[{"name":"wp","href":"https:\/\/api.w.org\/{rel}","templated":true}]}}