{"id":1615,"date":"2011-03-24T09:44:44","date_gmt":"2011-03-24T09:44:44","guid":{"rendered":"http:\/\/www.bvvizela.pt\/site\/?p=1615"},"modified":"2011-04-19T21:29:45","modified_gmt":"2011-04-19T20:29:45","slug":"incendios-florestais-no-distrito-de-braga","status":"publish","type":"post","link":"https:\/\/www.bvvizela.pt\/site\/incendios-florestais-no-distrito-de-braga\/","title":{"rendered":"Inc\u00eandios florestais no Distrito de Braga"},"content":{"rendered":"<p>Entre os dias 21 a 23, por todo o Distrito de Braga, os inc\u00eandios florestais assolaram algumas popula\u00e7\u00f5es. Primeiro foi na zona operacional das Taipas, passando por Amares e ontem em Vieira do Minho. Os Soldados da paz do Distrito juntaram-se para o combate a estes grandes inc\u00eandios fora da \u00e9poca.<\/p>\n<p>J\u00e1 \u00e9 costume, infelizmente, que estas situa\u00e7\u00f5es aconte\u00e7am, porque ainda n\u00e3o est\u00e1 interdito o uso do fogo e muitas das vezes, com vagas de calor o fogo torna-se dono de si pr\u00f3prio e ganha muito facilmente grandes propor\u00e7\u00f5es.<\/p>\n<p>A lamentar temos um bombeiro pertencente ao Corpo de Bombeiros de Braga, que ficou gravemente ferido no inc\u00eandio em Amares.<\/p>\n<p>Os Bombeiros de Vizela auxiliaram o combate a estes grandes inc\u00eandios com os VLCI 02 e 04.<\/p>\n","protected":false},"excerpt":{"rendered":"<p>Entre os dias 21 a 23, por todo o Distrito de Braga, os inc\u00eandios florestais assolaram algumas popula\u00e7\u00f5es. Primeiro foi na zona operacional das Taipas, passando por Amares e ontem em Vieira do Minho. Os Soldados da paz do Distrito<\/p>\n","protected":false},"author":6,"featured_media":0,"comment_status":"open","ping_status":"closed","sticky":false,"template":"","format":"standard","meta":{"ngg_post_thumbnail":0,"footnotes":""},"categories":[1],"tags":[],"class_list":["post-1615","post","type-post","status-publish","format-standard","hentry","category-noticias"],"_links":{"self":[{"href":"https:\/\/www.bvvizela.pt\/site\/wp-json\/wp\/v2\/posts\/1615","targetHints":{"allow":["GET"]}}],"collection":[{"href":"https:\/\/www.bvvizela.pt\/site\/wp-json\/wp\/v2\/posts"}],"about":[{"href":"https:\/\/www.bvvizela.pt\/site\/wp-json\/wp\/v2\/types\/post"}],"author":[{"embeddable":true,"href":"https:\/\/www.bvvizela.pt\/site\/wp-json\/wp\/v2\/users\/6"}],"replies":[{"embeddable":true,"href":"https:\/\/www.bvvizela.pt\/site\/wp-json\/wp\/v2\/comments?post=1615"}],"version-history":[{"count":2,"href":"https:\/\/www.bvvizela.pt\/site\/wp-json\/wp\/v2\/posts\/1615\/revisions"}],"predecessor-version":[{"id":1672,"href":"https:\/\/www.bvvizela.pt\/site\/wp-json\/wp\/v2\/posts\/1615\/revisions\/1672"}],"wp:attachment":[{"href":"https:\/\/www.bvvizela.pt\/site\/wp-json\/wp\/v2\/media?parent=1615"}],"wp:term":[{"taxonomy":"category","embeddable":true,"href":"https:\/\/www.bvvizela.pt\/site\/wp-json\/wp\/v2\/categories?post=1615"},{"taxonomy":"post_tag","embeddable":true,"href":"https:\/\/www.bvvizela.pt\/site\/wp-json\/wp\/v2\/tags?post=1615"}],"curies":[{"name":"wp","href":"https:\/\/api.w.org\/{rel}","templated":true}]}}