{"id":1613,"date":"2011-03-21T20:16:34","date_gmt":"2011-03-21T20:16:34","guid":{"rendered":"http:\/\/www.bvvizela.pt\/site\/?p=1613"},"modified":"2011-04-19T21:38:48","modified_gmt":"2011-04-19T20:38:48","slug":"ocorrencias-do-dia-21-de-marco-de-2011","status":"publish","type":"post","link":"https:\/\/www.bvvizela.pt\/site\/ocorrencias-do-dia-21-de-marco-de-2011\/","title":{"rendered":"Ocorr\u00eancias do dia 21 de Mar\u00e7o de 2011"},"content":{"rendered":"<p>Pelas 11 horas e 33 minutos, recebido alerta para um pequeno foco de inc\u00eandio na rua das Arcas, freguesia de Infias. Foi accionado o VLCI 04 com 2 elementos. Chegados ao teatro de opera\u00e7\u00f5es, os bombeiros verificaram a exist\u00eancia de uma frente activa em mato e eucalipto. Solicitaram mais uma viatura para o local, accionando-se assim o VRCI 02 com mais\u00a03 elementos. Os trabalhos terminaram por volta das 12\u00a0horas e 30 minutos, resultando em 0,02ha de\u00a0\u00e1rea ardida.<\/p>\n<p>Pelas 14 horas e 10 minutos foi accionado VLCI 02, com 3 elementos, para apoio aos Bombeiros Volunt\u00e1rios de Caldas das Taipas, solicitado pelo CDOS de Braga, para um inc\u00eandio na freguesia de Sande (S. Martinho). Ve\u00edculo regressou ao quartel pelas 17 horas e 40 minutos.<\/p>\n<p>Pelas 14 horas e\u00a024 minutos, recebido alerta para um pequeno foco de inc\u00eandio na Avenida 1\u00ba de Agosto, freguesia de Moreira de C\u00f3negos. Accionado VRCI 02 com\u00a04 elementos. Que chegados ao teatro de opera\u00e7\u00f5es verificaram a exist\u00eancia de uma frente activa em mato. Do inc\u00eandio resultou 0,01 ha de\u00a0\u00e1rea ardida.<\/p>\n<p>\u00c0s 17 horas e 04 minutos alerta para um acidente de via\u00e7\u00e3o, uma colis\u00e3o, \u00a0na recta de S\u00e1, na freguesia de Santa Eul\u00e1lia. Accionada de imediato a ABSC 06 com 2 elementos, que chegados ao local depararam-se com um ferido ligeiro, n\u00e3o estando encarcerado. Ap\u00f3s imobiliza\u00e7\u00e3o da v\u00edtima, esta foi transportada ao Centro Hospitalar do Alto Ave &#8211; Unidade de Guimar\u00e3es.<\/p>\n","protected":false},"excerpt":{"rendered":"<p>Pelas 11 horas e 33 minutos, recebido alerta para um pequeno foco de inc\u00eandio na rua das Arcas, freguesia de Infias. Foi accionado o VLCI 04 com 2 elementos. Chegados ao teatro de opera\u00e7\u00f5es, os bombeiros verificaram a exist\u00eancia de<\/p>\n","protected":false},"author":6,"featured_media":0,"comment_status":"open","ping_status":"closed","sticky":false,"template":"","format":"standard","meta":{"ngg_post_thumbnail":0,"footnotes":""},"categories":[1],"tags":[],"class_list":["post-1613","post","type-post","status-publish","format-standard","hentry","category-noticias"],"_links":{"self":[{"href":"https:\/\/www.bvvizela.pt\/site\/wp-json\/wp\/v2\/posts\/1613","targetHints":{"allow":["GET"]}}],"collection":[{"href":"https:\/\/www.bvvizela.pt\/site\/wp-json\/wp\/v2\/posts"}],"about":[{"href":"https:\/\/www.bvvizela.pt\/site\/wp-json\/wp\/v2\/types\/post"}],"author":[{"embeddable":true,"href":"https:\/\/www.bvvizela.pt\/site\/wp-json\/wp\/v2\/users\/6"}],"replies":[{"embeddable":true,"href":"https:\/\/www.bvvizela.pt\/site\/wp-json\/wp\/v2\/comments?post=1613"}],"version-history":[{"count":4,"href":"https:\/\/www.bvvizela.pt\/site\/wp-json\/wp\/v2\/posts\/1613\/revisions"}],"predecessor-version":[{"id":1674,"href":"https:\/\/www.bvvizela.pt\/site\/wp-json\/wp\/v2\/posts\/1613\/revisions\/1674"}],"wp:attachment":[{"href":"https:\/\/www.bvvizela.pt\/site\/wp-json\/wp\/v2\/media?parent=1613"}],"wp:term":[{"taxonomy":"category","embeddable":true,"href":"https:\/\/www.bvvizela.pt\/site\/wp-json\/wp\/v2\/categories?post=1613"},{"taxonomy":"post_tag","embeddable":true,"href":"https:\/\/www.bvvizela.pt\/site\/wp-json\/wp\/v2\/tags?post=1613"}],"curies":[{"name":"wp","href":"https:\/\/api.w.org\/{rel}","templated":true}]}}