{"id":1603,"date":"2011-03-19T11:12:29","date_gmt":"2011-03-19T11:12:29","guid":{"rendered":"http:\/\/www.bvvizela.pt\/site\/?p=1603"},"modified":"2011-03-19T11:29:52","modified_gmt":"2011-03-19T11:29:52","slug":"relatorio-e-contas-aprovadas-por-unanimidade","status":"publish","type":"post","link":"https:\/\/www.bvvizela.pt\/site\/relatorio-e-contas-aprovadas-por-unanimidade\/","title":{"rendered":"Relat\u00f3rio e Contas 2010 &#8211; Aprova\u00e7\u00e3o por unanimidade"},"content":{"rendered":"<p>A Assembleia Geral Ordin\u00e1ria da Real Associa\u00e7\u00e3o Humanit\u00e1ria dos Bombeiros Volunt\u00e1rios de Vizela aprovou ontem, por unanimidade, o Relat\u00f3rio e Contas relativas ao ano de 2010.<\/p>\n<p>Sob a presid\u00eancia do Presidente da Asembleia Geral, General Cipriano Alves, e perante a presen\u00e7a de um n\u00famero reduzido de associados, foi lida e aprovada por unanimidade a acta da Assembleia anterior.<\/p>\n<p>Seguidamente, o Presidente da Direc\u00e7\u00e3o, Jo\u00e3o Costa, apresentou o relat\u00f3rio, descrevendo detalhadamente a situa\u00e7\u00e3o da Associa\u00e7\u00e3o, focando os v\u00e1rios pontos da sua gest\u00e3o interna \u00a0e enquadrando-a com a situa\u00e7\u00e3o externa envolvente.<\/p>\n<p>O Presidente do Conselho fiscal, Dr. Eduardo Guimar\u00e3es pormenorizou todos os elementos contabil\u00edsticos e financeiros, destacando a evolu\u00e7\u00e3o das principais rubricas do balan\u00e7o e analisando a evolu\u00e7\u00e3o dos custos e proveitos. O resultado l\u00edquido apurado foi de 65.922,86 \u20ac, o que real\u00e7a a boa situa\u00e7\u00e3o econ\u00f3mico-financeira da Associa\u00e7\u00e3o.<\/p>\n<p>Ambas as\u00a0apresenta\u00e7\u00f5es puderam ser acompanhadas pela consulta do dossier detalhado fornecido a todos os presentes, e que disponibilizamos\u00a0 aqui.<\/p>\n<p><a href=\"http:\/\/www.bvvizela.pt\/site\/wp-content\/uploads\/Assembleia-Geral-Relat\u00f3rio-e-Contas-2011.pdf\">Assembleia Geral &#8211; Relat\u00f3rio e Contas 2011<\/a><\/p>\n<p>Ap\u00f3s a leitura do Parecer do Conselho Fiscal, o Relat\u00f3rio e Contas foram aprovados por unanimidade.<\/p>\n<p>No per\u00edodo de 30 minutos reservado\u00a0\u00e0 discuss\u00e3o de outros assuntos de interesse para a Associa\u00e7\u00e3o, s\u00f3 houve um associado\u00a0inscrito, que\u00a0na sua interven\u00e7\u00e3o comentou e criticou a a fraca ades\u00e3o dos associados e\u00a0bombeiros \u00e0s Assembleias, e a alguns actos sociais, como funerais.<\/p>\n<p><a href=\"http:\/\/www.bvvizela.pt\/site\/wp-content\/uploads\/assembleia1.jpg\"><img loading=\"lazy\" decoding=\"async\" class=\"alignleft size-medium wp-image-1605\" title=\"assembleia1\" src=\"http:\/\/www.bvvizela.pt\/site\/wp-content\/uploads\/assembleia1-300x236.jpg\" alt=\"\" width=\"300\" height=\"236\" srcset=\"https:\/\/www.bvvizela.pt\/site\/wp-content\/uploads\/assembleia1-300x236.jpg 300w, https:\/\/www.bvvizela.pt\/site\/wp-content\/uploads\/assembleia1.jpg 1024w\" sizes=\"auto, (max-width: 300px) 100vw, 300px\" \/><\/a><\/p>\n<p><a href=\"http:\/\/www.bvvizela.pt\/site\/wp-content\/uploads\/foto4.jpg\"><img loading=\"lazy\" decoding=\"async\" class=\"alignleft size-medium wp-image-1608\" title=\"foto4\" src=\"http:\/\/www.bvvizela.pt\/site\/wp-content\/uploads\/foto4-300x225.jpg\" alt=\"\" width=\"300\" height=\"225\" srcset=\"https:\/\/www.bvvizela.pt\/site\/wp-content\/uploads\/foto4-300x225.jpg 300w, https:\/\/www.bvvizela.pt\/site\/wp-content\/uploads\/foto4.jpg 1024w\" sizes=\"auto, (max-width: 300px) 100vw, 300px\" \/><\/a><a href=\"http:\/\/www.bvvizela.pt\/site\/wp-content\/uploads\/foto5.jpg\"><\/a><\/p>\n<p><a href=\"http:\/\/www.bvvizela.pt\/site\/wp-content\/uploads\/foto51.jpg\"><img loading=\"lazy\" decoding=\"async\" class=\"alignleft size-medium wp-image-1610\" title=\"foto5\" src=\"http:\/\/www.bvvizela.pt\/site\/wp-content\/uploads\/foto51-300x225.jpg\" alt=\"\" width=\"300\" height=\"225\" srcset=\"https:\/\/www.bvvizela.pt\/site\/wp-content\/uploads\/foto51-300x225.jpg 300w, https:\/\/www.bvvizela.pt\/site\/wp-content\/uploads\/foto51.jpg 1024w\" sizes=\"auto, (max-width: 300px) 100vw, 300px\" \/><\/a><\/p>\n","protected":false},"excerpt":{"rendered":"<p>A Assembleia Geral Ordin\u00e1ria da Real Associa\u00e7\u00e3o Humanit\u00e1ria dos Bombeiros Volunt\u00e1rios de Vizela aprovou ontem, por unanimidade, o Relat\u00f3rio e Contas relativas ao ano de 2010. Sob a presid\u00eancia do Presidente da Asembleia Geral, General Cipriano Alves, e perante a<\/p>\n","protected":false},"author":3,"featured_media":0,"comment_status":"open","ping_status":"closed","sticky":false,"template":"","format":"standard","meta":{"ngg_post_thumbnail":0,"footnotes":""},"categories":[1],"tags":[],"class_list":["post-1603","post","type-post","status-publish","format-standard","hentry","category-noticias"],"_links":{"self":[{"href":"https:\/\/www.bvvizela.pt\/site\/wp-json\/wp\/v2\/posts\/1603","targetHints":{"allow":["GET"]}}],"collection":[{"href":"https:\/\/www.bvvizela.pt\/site\/wp-json\/wp\/v2\/posts"}],"about":[{"href":"https:\/\/www.bvvizela.pt\/site\/wp-json\/wp\/v2\/types\/post"}],"author":[{"embeddable":true,"href":"https:\/\/www.bvvizela.pt\/site\/wp-json\/wp\/v2\/users\/3"}],"replies":[{"embeddable":true,"href":"https:\/\/www.bvvizela.pt\/site\/wp-json\/wp\/v2\/comments?post=1603"}],"version-history":[{"count":4,"href":"https:\/\/www.bvvizela.pt\/site\/wp-json\/wp\/v2\/posts\/1603\/revisions"}],"predecessor-version":[{"id":1607,"href":"https:\/\/www.bvvizela.pt\/site\/wp-json\/wp\/v2\/posts\/1603\/revisions\/1607"}],"wp:attachment":[{"href":"https:\/\/www.bvvizela.pt\/site\/wp-json\/wp\/v2\/media?parent=1603"}],"wp:term":[{"taxonomy":"category","embeddable":true,"href":"https:\/\/www.bvvizela.pt\/site\/wp-json\/wp\/v2\/categories?post=1603"},{"taxonomy":"post_tag","embeddable":true,"href":"https:\/\/www.bvvizela.pt\/site\/wp-json\/wp\/v2\/tags?post=1603"}],"curies":[{"name":"wp","href":"https:\/\/api.w.org\/{rel}","templated":true}]}}